{"id":8907,"date":"2019-11-02T09:09:02","date_gmt":"2019-11-02T08:09:02","guid":{"rendered":"https:\/\/www.4ksummit.com\/?p=8907"},"modified":"2019-11-02T09:09:02","modified_gmt":"2019-11-02T08:09:02","slug":"el-audio-de-ultima-generacion-en-la-4k-hdr-summit-de-malaga","status":"publish","type":"post","link":"https:\/\/www.4ksummit.com\/es\/el-audio-de-ultima-generacion-en-la-4k-hdr-summit-de-malaga\/","title":{"rendered":"EL AUDIO DE \u00daLTIMA GENERACI\u00d3N EN LA 4K-HDR SUMMIT DE M\u00c1LAGA"},"content":{"rendered":"<p>El\u00a0<strong>audio de \u00faltima generaci\u00f3n<\/strong>\u00a0llegar\u00e1 a la quinta 4K-HDR Summit de M\u00e1laga de la mano de dos grandes compa\u00f1\u00edas:<strong>\u00a0la francesa ATEME y la estadounidense Dolby.<\/strong><\/p>\n<p>La 4K-HDR Summit celebrar\u00e1 los d\u00edas\u00a0<strong>6, 7 y 8 de noviembre en el Polo Nacional de Contenidos Digitales de M\u00e1laga<\/strong>\u00a0la quinta edici\u00f3n de una de las cumbres m\u00e1s importantes en el calendario anual de sector audiovisual, que re\u00fane a profesionales, empresas y grandes multinacionales de todo el mundo para\u00a0<strong>presentar y debatir sobre las \u00faltimas tendencias tecnol\u00f3gicas<\/strong>.<\/p>\n<p>Durante la jornada inaugural de la Summit de M\u00e1laga, el 6 de noviembre,\u00a0<strong>Olivier Watzke, Gerente de Gesti\u00f3n de Producto de Dolby<\/strong>\u00a0vendr\u00e1 a defender la premisa de que\u00a0<strong>\u00abel audio nunca ha sonado tan bien\u00bb<\/strong>.<\/p>\n<p><img loading=\"lazy\" decoding=\"async\" class=\"aligncenter wp-image-8908 size-full\" src=\"https:\/\/www.4ksummit.com\/wp-content\/uploads\/2019\/10\/3ae46ec8-3f9b-4a02-aefe-954fed29266f.png\" alt=\"\" width=\"500\" height=\"500\" srcset=\"https:\/\/www.4ksummit.com\/wp-content\/uploads\/2019\/10\/3ae46ec8-3f9b-4a02-aefe-954fed29266f.png 500w, https:\/\/www.4ksummit.com\/wp-content\/uploads\/2019\/10\/3ae46ec8-3f9b-4a02-aefe-954fed29266f-150x150.png 150w, https:\/\/www.4ksummit.com\/wp-content\/uploads\/2019\/10\/3ae46ec8-3f9b-4a02-aefe-954fed29266f-300x300.png 300w\" sizes=\"(max-width: 500px) 100vw, 500px\" \/><\/p>\n<p>Seg\u00fan\u00a0<strong>Dolby<\/strong>, se est\u00e1 introduciendo una\u00a0<strong>nueva generaci\u00f3n de plataformas de transmisi\u00f3n con soporte para AC-4 Next Generation Audio (NGA)<\/strong>.<\/p>\n<p><strong>Dolby<\/strong>\u00a0presentar\u00e1 en la 4K-HDR Summit c\u00f3mo Next Generation Audio\u00a0<strong>ofrece una emocionante experiencia de sonido envolvente\u00a0<\/strong>para los oyentes en todo tipo de dispositivos, desde TV hasta m\u00f3viles.<\/p>\n<p>Adem\u00e1s,\u00a0<strong>Olivier Watzke<\/strong>\u00a0explicar\u00e1 a los asistentes a la Summit\u00a0<strong>c\u00f3mo la repetici\u00f3n de Next Generation Audio puede adaptarse para satisfacer las preferencias de los oyentes individuales<\/strong>, aumentando el compromiso y ampliando la accesibilidad.<\/p>\n<p>A nivel pr\u00e1ctico,\u00a0<strong>Watzke revisar\u00e1 el impulso de la industria con el despliegue de plataformas de transmisi\u00f3n DVB-T2 con tecnolog\u00eda NGA seg\u00fan el est\u00e1ndar ETSI 102 366 AC-4<\/strong>.<\/p>\n<p><img loading=\"lazy\" decoding=\"async\" class=\"aligncenter wp-image-8910 size-full\" src=\"https:\/\/www.4ksummit.com\/wp-content\/uploads\/2019\/10\/750560d8-db72-44e4-83e9-daa0c6c90b4f.png\" alt=\"\" width=\"500\" height=\"500\" srcset=\"https:\/\/www.4ksummit.com\/wp-content\/uploads\/2019\/10\/750560d8-db72-44e4-83e9-daa0c6c90b4f.png 500w, https:\/\/www.4ksummit.com\/wp-content\/uploads\/2019\/10\/750560d8-db72-44e4-83e9-daa0c6c90b4f-150x150.png 150w, https:\/\/www.4ksummit.com\/wp-content\/uploads\/2019\/10\/750560d8-db72-44e4-83e9-daa0c6c90b4f-300x300.png 300w\" sizes=\"(max-width: 500px) 100vw, 500px\" \/><\/p>\n<p><strong>Micka\u00ebl Raulet,\u00a0Director de Investigaci\u00f3n e Innovaci\u00f3n de la compa\u00f1\u00eda francesa ATEME<\/strong>, ser\u00e1 el encargado de presentar durante la segunda jornada de la 4K-HDR Summit de M\u00e1laga el\u00a0<strong>\u00abaudio de \u00faltima generaci\u00f3n\u00bb como mejora de los servicios de v\u00eddeo en Alto Rango Din\u00e1mico (HDR)<\/strong>.<\/p>\n<p><strong>ATEME<\/strong>, empresa l\u00edder en soluciones de entrega de v\u00eddeo, vuelve a participar en la 4K-HDR Summit de M\u00e1laga para presentar sus proyectos, siempre a la vanguardia de las \u00faltimas tecnolog\u00edas:\u00a0<strong>codecs de audio y v\u00eddeo de \u00faltima generaci\u00f3n en HDR<\/strong>.<\/p>\n<p>Desde la compa\u00f1\u00eda han participado recientemente en varios eventos de\u00a0<strong>Next Generation Audio<\/strong>\u00a0<strong>(Campeonato de Europa de Atletismo, Roland Garros, Eurovisi\u00f3n y Rock in R\u00edo en Brasil)<\/strong>, embelleciendo y mejorando la experiencia del usuario final.<\/p>\n<p><strong>ATEME<\/strong> ha sido siempre un gran partidario de todas las tecnolog\u00edas del HDR, desde el Grupo de Alto Nivel hasta el HDR10 y las soluciones din\u00e1micas del HDR y ha realizado numerosas pruebas de campo para ofrecer servicios de v\u00eddeo de alta fidelidad con distintas tecnolog\u00edas HDR.<\/p>\n","protected":false},"excerpt":{"rendered":"<p>El\u00a0audio de \u00faltima generaci\u00f3n\u00a0llegar\u00e1 a la quinta 4K-HDR Summit de M\u00e1laga de la mano de dos grandes compa\u00f1\u00edas:\u00a0la francesa ATEME y la estadounidense Dolby. La 4K-HDR Summit celebrar\u00e1 los d\u00edas\u00a06, 7 y 8 de noviembre en el Polo Nacional de Contenidos Digitales de M\u00e1laga\u00a0la quinta edici\u00f3n de una de las cumbres m\u00e1s importantes en el [&hellip;]<\/p>\n","protected":false},"author":4,"featured_media":8912,"comment_status":"open","ping_status":"closed","sticky":false,"template":"","format":"standard","meta":{"_acf_changed":false,"footnotes":""},"categories":[26],"tags":[],"class_list":["post-8907","post","type-post","status-publish","format-standard","has-post-thumbnail","hentry","category-noticias-4k"],"acf":[],"yoast_head":"<!-- This site is optimized with the Yoast SEO plugin v27.4 - https:\/\/yoast.com\/product\/yoast-seo-wordpress\/ -->\n<title>EL AUDIO DE \u00daLTIMA GENERACI\u00d3N EN LA 4K-HDR SUMMIT DE M\u00c1LAGA - 4K-HDR SUMMIT<\/title>\n<meta name=\"robots\" content=\"index, follow, max-snippet:-1, max-image-preview:large, max-video-preview:-1\" \/>\n<link rel=\"canonical\" href=\"https:\/\/www.4ksummit.com\/es\/el-audio-de-ultima-generacion-en-la-4k-hdr-summit-de-malaga\/\" \/>\n<meta property=\"og:locale\" content=\"es_ES\" \/>\n<meta property=\"og:type\" content=\"article\" \/>\n<meta property=\"og:title\" content=\"EL AUDIO DE \u00daLTIMA GENERACI\u00d3N EN LA 4K-HDR SUMMIT DE M\u00c1LAGA - 4K-HDR SUMMIT\" \/>\n<meta property=\"og:description\" content=\"El\u00a0audio de \u00faltima generaci\u00f3n\u00a0llegar\u00e1 a la quinta 4K-HDR Summit de M\u00e1laga de la mano de dos grandes compa\u00f1\u00edas:\u00a0la francesa ATEME y la estadounidense Dolby. La 4K-HDR Summit celebrar\u00e1 los d\u00edas\u00a06, 7 y 8 de noviembre en el Polo Nacional de Contenidos Digitales de M\u00e1laga\u00a0la quinta edici\u00f3n de una de las cumbres m\u00e1s importantes en el [&hellip;]\" \/>\n<meta property=\"og:url\" content=\"https:\/\/www.4ksummit.com\/es\/el-audio-de-ultima-generacion-en-la-4k-hdr-summit-de-malaga\/\" \/>\n<meta property=\"og:site_name\" content=\"4K-HDR SUMMIT\" \/>\n<meta property=\"article:published_time\" content=\"2019-11-02T08:09:02+00:00\" \/>\n<meta property=\"og:image\" content=\"https:\/\/www.4ksummit.com\/wp-content\/uploads\/2019\/10\/7aa50e99-75eb-4f89-8b9a-00072fb1e075.jpg\" \/>\n\t<meta property=\"og:image:width\" content=\"2048\" \/>\n\t<meta property=\"og:image:height\" content=\"1365\" \/>\n\t<meta property=\"og:image:type\" content=\"image\/jpeg\" \/>\n<meta name=\"author\" content=\"G\" \/>\n<meta name=\"twitter:card\" content=\"summary_large_image\" \/>\n<meta name=\"twitter:label1\" content=\"Escrito por\" \/>\n\t<meta name=\"twitter:data1\" content=\"G\" \/>\n\t<meta name=\"twitter:label2\" content=\"Tiempo de lectura\" \/>\n\t<meta name=\"twitter:data2\" content=\"2 minutos\" \/>\n<script type=\"application\/ld+json\" class=\"yoast-schema-graph\">{\"@context\":\"https:\\\/\\\/schema.org\",\"@graph\":[{\"@type\":\"Article\",\"@id\":\"https:\\\/\\\/www.4ksummit.com\\\/es\\\/el-audio-de-ultima-generacion-en-la-4k-hdr-summit-de-malaga\\\/#article\",\"isPartOf\":{\"@id\":\"https:\\\/\\\/www.4ksummit.com\\\/es\\\/el-audio-de-ultima-generacion-en-la-4k-hdr-summit-de-malaga\\\/\"},\"author\":{\"name\":\"G\",\"@id\":\"https:\\\/\\\/www.4ksummit.com\\\/#\\\/schema\\\/person\\\/183f3cf4328bbb849d8b4db5eeb5ac7e\"},\"headline\":\"EL AUDIO DE \u00daLTIMA GENERACI\u00d3N EN LA 4K-HDR SUMMIT DE M\u00c1LAGA\",\"datePublished\":\"2019-11-02T08:09:02+00:00\",\"mainEntityOfPage\":{\"@id\":\"https:\\\/\\\/www.4ksummit.com\\\/es\\\/el-audio-de-ultima-generacion-en-la-4k-hdr-summit-de-malaga\\\/\"},\"wordCount\":451,\"commentCount\":0,\"publisher\":{\"@id\":\"https:\\\/\\\/www.4ksummit.com\\\/#organization\"},\"image\":{\"@id\":\"https:\\\/\\\/www.4ksummit.com\\\/es\\\/el-audio-de-ultima-generacion-en-la-4k-hdr-summit-de-malaga\\\/#primaryimage\"},\"thumbnailUrl\":\"https:\\\/\\\/www.4ksummit.com\\\/wp-content\\\/uploads\\\/2019\\\/10\\\/7aa50e99-75eb-4f89-8b9a-00072fb1e075.jpg\",\"articleSection\":[\"Noticias 4k\"],\"inLanguage\":\"es\"},{\"@type\":\"WebPage\",\"@id\":\"https:\\\/\\\/www.4ksummit.com\\\/es\\\/el-audio-de-ultima-generacion-en-la-4k-hdr-summit-de-malaga\\\/\",\"url\":\"https:\\\/\\\/www.4ksummit.com\\\/es\\\/el-audio-de-ultima-generacion-en-la-4k-hdr-summit-de-malaga\\\/\",\"name\":\"EL AUDIO DE \u00daLTIMA GENERACI\u00d3N EN LA 4K-HDR SUMMIT DE M\u00c1LAGA - 4K-HDR SUMMIT\",\"isPartOf\":{\"@id\":\"https:\\\/\\\/www.4ksummit.com\\\/#website\"},\"primaryImageOfPage\":{\"@id\":\"https:\\\/\\\/www.4ksummit.com\\\/es\\\/el-audio-de-ultima-generacion-en-la-4k-hdr-summit-de-malaga\\\/#primaryimage\"},\"image\":{\"@id\":\"https:\\\/\\\/www.4ksummit.com\\\/es\\\/el-audio-de-ultima-generacion-en-la-4k-hdr-summit-de-malaga\\\/#primaryimage\"},\"thumbnailUrl\":\"https:\\\/\\\/www.4ksummit.com\\\/wp-content\\\/uploads\\\/2019\\\/10\\\/7aa50e99-75eb-4f89-8b9a-00072fb1e075.jpg\",\"datePublished\":\"2019-11-02T08:09:02+00:00\",\"breadcrumb\":{\"@id\":\"https:\\\/\\\/www.4ksummit.com\\\/es\\\/el-audio-de-ultima-generacion-en-la-4k-hdr-summit-de-malaga\\\/#breadcrumb\"},\"inLanguage\":\"es\",\"potentialAction\":[{\"@type\":\"ReadAction\",\"target\":[\"https:\\\/\\\/www.4ksummit.com\\\/es\\\/el-audio-de-ultima-generacion-en-la-4k-hdr-summit-de-malaga\\\/\"]}]},{\"@type\":\"ImageObject\",\"inLanguage\":\"es\",\"@id\":\"https:\\\/\\\/www.4ksummit.com\\\/es\\\/el-audio-de-ultima-generacion-en-la-4k-hdr-summit-de-malaga\\\/#primaryimage\",\"url\":\"https:\\\/\\\/www.4ksummit.com\\\/wp-content\\\/uploads\\\/2019\\\/10\\\/7aa50e99-75eb-4f89-8b9a-00072fb1e075.jpg\",\"contentUrl\":\"https:\\\/\\\/www.4ksummit.com\\\/wp-content\\\/uploads\\\/2019\\\/10\\\/7aa50e99-75eb-4f89-8b9a-00072fb1e075.jpg\",\"width\":2048,\"height\":1365},{\"@type\":\"BreadcrumbList\",\"@id\":\"https:\\\/\\\/www.4ksummit.com\\\/es\\\/el-audio-de-ultima-generacion-en-la-4k-hdr-summit-de-malaga\\\/#breadcrumb\",\"itemListElement\":[{\"@type\":\"ListItem\",\"position\":1,\"name\":\"Portada\",\"item\":\"https:\\\/\\\/www.4ksummit.com\\\/es\\\/\"},{\"@type\":\"ListItem\",\"position\":2,\"name\":\"EL AUDIO DE \u00daLTIMA GENERACI\u00d3N EN LA 4K-HDR SUMMIT DE M\u00c1LAGA\"}]},{\"@type\":\"WebSite\",\"@id\":\"https:\\\/\\\/www.4ksummit.com\\\/#website\",\"url\":\"https:\\\/\\\/www.4ksummit.com\\\/\",\"name\":\"4K-HDR SUMMIT\",\"description\":\"2018\",\"publisher\":{\"@id\":\"https:\\\/\\\/www.4ksummit.com\\\/#organization\"},\"potentialAction\":[{\"@type\":\"SearchAction\",\"target\":{\"@type\":\"EntryPoint\",\"urlTemplate\":\"https:\\\/\\\/www.4ksummit.com\\\/?s={search_term_string}\"},\"query-input\":{\"@type\":\"PropertyValueSpecification\",\"valueRequired\":true,\"valueName\":\"search_term_string\"}}],\"inLanguage\":\"es\"},{\"@type\":\"Organization\",\"@id\":\"https:\\\/\\\/www.4ksummit.com\\\/#organization\",\"name\":\"4K-UHD SUMMIT\",\"url\":\"https:\\\/\\\/www.4ksummit.com\\\/\",\"logo\":{\"@type\":\"ImageObject\",\"inLanguage\":\"es\",\"@id\":\"https:\\\/\\\/www.4ksummit.com\\\/#\\\/schema\\\/logo\\\/image\\\/\",\"url\":\"https:\\\/\\\/www.4ksummit.com\\\/wp-content\\\/uploads\\\/2020\\\/05\\\/4ksummit.png\",\"contentUrl\":\"https:\\\/\\\/www.4ksummit.com\\\/wp-content\\\/uploads\\\/2020\\\/05\\\/4ksummit.png\",\"width\":600,\"height\":246,\"caption\":\"4K-UHD SUMMIT\"},\"image\":{\"@id\":\"https:\\\/\\\/www.4ksummit.com\\\/#\\\/schema\\\/logo\\\/image\\\/\"}},{\"@type\":\"Person\",\"@id\":\"https:\\\/\\\/www.4ksummit.com\\\/#\\\/schema\\\/person\\\/183f3cf4328bbb849d8b4db5eeb5ac7e\",\"name\":\"G\"}]}<\/script>\n<!-- \/ Yoast SEO plugin. -->","yoast_head_json":{"title":"EL AUDIO DE \u00daLTIMA GENERACI\u00d3N EN LA 4K-HDR SUMMIT DE M\u00c1LAGA - 4K-HDR SUMMIT","robots":{"index":"index","follow":"follow","max-snippet":"max-snippet:-1","max-image-preview":"max-image-preview:large","max-video-preview":"max-video-preview:-1"},"canonical":"https:\/\/www.4ksummit.com\/es\/el-audio-de-ultima-generacion-en-la-4k-hdr-summit-de-malaga\/","og_locale":"es_ES","og_type":"article","og_title":"EL AUDIO DE \u00daLTIMA GENERACI\u00d3N EN LA 4K-HDR SUMMIT DE M\u00c1LAGA - 4K-HDR SUMMIT","og_description":"El\u00a0audio de \u00faltima generaci\u00f3n\u00a0llegar\u00e1 a la quinta 4K-HDR Summit de M\u00e1laga de la mano de dos grandes compa\u00f1\u00edas:\u00a0la francesa ATEME y la estadounidense Dolby. La 4K-HDR Summit celebrar\u00e1 los d\u00edas\u00a06, 7 y 8 de noviembre en el Polo Nacional de Contenidos Digitales de M\u00e1laga\u00a0la quinta edici\u00f3n de una de las cumbres m\u00e1s importantes en el [&hellip;]","og_url":"https:\/\/www.4ksummit.com\/es\/el-audio-de-ultima-generacion-en-la-4k-hdr-summit-de-malaga\/","og_site_name":"4K-HDR SUMMIT","article_published_time":"2019-11-02T08:09:02+00:00","og_image":[{"width":2048,"height":1365,"url":"https:\/\/www.4ksummit.com\/wp-content\/uploads\/2019\/10\/7aa50e99-75eb-4f89-8b9a-00072fb1e075.jpg","type":"image\/jpeg"}],"author":"G","twitter_card":"summary_large_image","twitter_misc":{"Escrito por":"G","Tiempo de lectura":"2 minutos"},"schema":{"@context":"https:\/\/schema.org","@graph":[{"@type":"Article","@id":"https:\/\/www.4ksummit.com\/es\/el-audio-de-ultima-generacion-en-la-4k-hdr-summit-de-malaga\/#article","isPartOf":{"@id":"https:\/\/www.4ksummit.com\/es\/el-audio-de-ultima-generacion-en-la-4k-hdr-summit-de-malaga\/"},"author":{"name":"G","@id":"https:\/\/www.4ksummit.com\/#\/schema\/person\/183f3cf4328bbb849d8b4db5eeb5ac7e"},"headline":"EL AUDIO DE \u00daLTIMA GENERACI\u00d3N EN LA 4K-HDR SUMMIT DE M\u00c1LAGA","datePublished":"2019-11-02T08:09:02+00:00","mainEntityOfPage":{"@id":"https:\/\/www.4ksummit.com\/es\/el-audio-de-ultima-generacion-en-la-4k-hdr-summit-de-malaga\/"},"wordCount":451,"commentCount":0,"publisher":{"@id":"https:\/\/www.4ksummit.com\/#organization"},"image":{"@id":"https:\/\/www.4ksummit.com\/es\/el-audio-de-ultima-generacion-en-la-4k-hdr-summit-de-malaga\/#primaryimage"},"thumbnailUrl":"https:\/\/www.4ksummit.com\/wp-content\/uploads\/2019\/10\/7aa50e99-75eb-4f89-8b9a-00072fb1e075.jpg","articleSection":["Noticias 4k"],"inLanguage":"es"},{"@type":"WebPage","@id":"https:\/\/www.4ksummit.com\/es\/el-audio-de-ultima-generacion-en-la-4k-hdr-summit-de-malaga\/","url":"https:\/\/www.4ksummit.com\/es\/el-audio-de-ultima-generacion-en-la-4k-hdr-summit-de-malaga\/","name":"EL AUDIO DE \u00daLTIMA GENERACI\u00d3N EN LA 4K-HDR SUMMIT DE M\u00c1LAGA - 4K-HDR SUMMIT","isPartOf":{"@id":"https:\/\/www.4ksummit.com\/#website"},"primaryImageOfPage":{"@id":"https:\/\/www.4ksummit.com\/es\/el-audio-de-ultima-generacion-en-la-4k-hdr-summit-de-malaga\/#primaryimage"},"image":{"@id":"https:\/\/www.4ksummit.com\/es\/el-audio-de-ultima-generacion-en-la-4k-hdr-summit-de-malaga\/#primaryimage"},"thumbnailUrl":"https:\/\/www.4ksummit.com\/wp-content\/uploads\/2019\/10\/7aa50e99-75eb-4f89-8b9a-00072fb1e075.jpg","datePublished":"2019-11-02T08:09:02+00:00","breadcrumb":{"@id":"https:\/\/www.4ksummit.com\/es\/el-audio-de-ultima-generacion-en-la-4k-hdr-summit-de-malaga\/#breadcrumb"},"inLanguage":"es","potentialAction":[{"@type":"ReadAction","target":["https:\/\/www.4ksummit.com\/es\/el-audio-de-ultima-generacion-en-la-4k-hdr-summit-de-malaga\/"]}]},{"@type":"ImageObject","inLanguage":"es","@id":"https:\/\/www.4ksummit.com\/es\/el-audio-de-ultima-generacion-en-la-4k-hdr-summit-de-malaga\/#primaryimage","url":"https:\/\/www.4ksummit.com\/wp-content\/uploads\/2019\/10\/7aa50e99-75eb-4f89-8b9a-00072fb1e075.jpg","contentUrl":"https:\/\/www.4ksummit.com\/wp-content\/uploads\/2019\/10\/7aa50e99-75eb-4f89-8b9a-00072fb1e075.jpg","width":2048,"height":1365},{"@type":"BreadcrumbList","@id":"https:\/\/www.4ksummit.com\/es\/el-audio-de-ultima-generacion-en-la-4k-hdr-summit-de-malaga\/#breadcrumb","itemListElement":[{"@type":"ListItem","position":1,"name":"Portada","item":"https:\/\/www.4ksummit.com\/es\/"},{"@type":"ListItem","position":2,"name":"EL AUDIO DE \u00daLTIMA GENERACI\u00d3N EN LA 4K-HDR SUMMIT DE M\u00c1LAGA"}]},{"@type":"WebSite","@id":"https:\/\/www.4ksummit.com\/#website","url":"https:\/\/www.4ksummit.com\/","name":"4K-HDR SUMMIT","description":"2018","publisher":{"@id":"https:\/\/www.4ksummit.com\/#organization"},"potentialAction":[{"@type":"SearchAction","target":{"@type":"EntryPoint","urlTemplate":"https:\/\/www.4ksummit.com\/?s={search_term_string}"},"query-input":{"@type":"PropertyValueSpecification","valueRequired":true,"valueName":"search_term_string"}}],"inLanguage":"es"},{"@type":"Organization","@id":"https:\/\/www.4ksummit.com\/#organization","name":"4K-UHD SUMMIT","url":"https:\/\/www.4ksummit.com\/","logo":{"@type":"ImageObject","inLanguage":"es","@id":"https:\/\/www.4ksummit.com\/#\/schema\/logo\/image\/","url":"https:\/\/www.4ksummit.com\/wp-content\/uploads\/2020\/05\/4ksummit.png","contentUrl":"https:\/\/www.4ksummit.com\/wp-content\/uploads\/2020\/05\/4ksummit.png","width":600,"height":246,"caption":"4K-UHD SUMMIT"},"image":{"@id":"https:\/\/www.4ksummit.com\/#\/schema\/logo\/image\/"}},{"@type":"Person","@id":"https:\/\/www.4ksummit.com\/#\/schema\/person\/183f3cf4328bbb849d8b4db5eeb5ac7e","name":"G"}]}},"_links":{"self":[{"href":"https:\/\/www.4ksummit.com\/es\/wp-json\/wp\/v2\/posts\/8907","targetHints":{"allow":["GET"]}}],"collection":[{"href":"https:\/\/www.4ksummit.com\/es\/wp-json\/wp\/v2\/posts"}],"about":[{"href":"https:\/\/www.4ksummit.com\/es\/wp-json\/wp\/v2\/types\/post"}],"author":[{"embeddable":true,"href":"https:\/\/www.4ksummit.com\/es\/wp-json\/wp\/v2\/users\/4"}],"replies":[{"embeddable":true,"href":"https:\/\/www.4ksummit.com\/es\/wp-json\/wp\/v2\/comments?post=8907"}],"version-history":[{"count":0,"href":"https:\/\/www.4ksummit.com\/es\/wp-json\/wp\/v2\/posts\/8907\/revisions"}],"wp:featuredmedia":[{"embeddable":true,"href":"https:\/\/www.4ksummit.com\/es\/wp-json\/wp\/v2\/media\/8912"}],"wp:attachment":[{"href":"https:\/\/www.4ksummit.com\/es\/wp-json\/wp\/v2\/media?parent=8907"}],"wp:term":[{"taxonomy":"category","embeddable":true,"href":"https:\/\/www.4ksummit.com\/es\/wp-json\/wp\/v2\/categories?post=8907"},{"taxonomy":"post_tag","embeddable":true,"href":"https:\/\/www.4ksummit.com\/es\/wp-json\/wp\/v2\/tags?post=8907"}],"curies":[{"name":"wp","href":"https:\/\/api.w.org\/{rel}","templated":true}]}}