{"id":8901,"date":"2019-11-02T09:18:52","date_gmt":"2019-11-02T08:18:52","guid":{"rendered":"https:\/\/www.4ksummit.com\/?p=8901"},"modified":"2019-11-02T09:18:52","modified_gmt":"2019-11-02T08:18:52","slug":"el-4k-y-el-jazz-se-fusionaran-en-malaga-del-6-al-8-de-noviembre","status":"publish","type":"post","link":"https:\/\/www.4ksummit.com\/es\/el-4k-y-el-jazz-se-fusionaran-en-malaga-del-6-al-8-de-noviembre\/","title":{"rendered":"EL 4K Y EL JAZZ SE FUSIONAR\u00c1N EN M\u00c1LAGA DEL 6 AL 8 DE NOVIEMBRE"},"content":{"rendered":"<p><strong>El j<a name=\"_GoBack\"><\/a>azz y el 4K<\/strong>\u00a0se fusionar\u00e1n del<strong>\u00a06 al 8 de noviembre<\/strong>\u00a0en M\u00e1laga con motivo de la quinta edici\u00f3n de la\u00a0<strong>4K-HDR Summit<\/strong>, el\u00a0<strong>evento internacional m\u00e1s relevante sobre la Ultra Alta Definici\u00f3n (UHD)<\/strong>, que tiene lugar cada a\u00f1o en el Polo Nacional de Contenidos Digitales de la capital de la Costa del Sol.<\/p>\n<p>La\u00a0<strong>4K-HDR Summit<\/strong>\u00a0y el<strong>\u00a0Festival de Jazz de M\u00e1laga<\/strong>\u00a0coincidir\u00e1n este a\u00f1o en fechas y los organizadores de ambos eventos han acordado buscar sinergias que hagan que la experiencia de quienes esos d\u00edas se den cita en la ciudad andaluza sea lo m\u00e1s gratificante posible.<\/p>\n<p>Adem\u00e1s, el\u00a0<strong>festival internacional de documentales cortos en Ultra Alta Definici\u00f3n<\/strong>\u00a0m\u00e1s importante del mundo, el\u00a0<strong>\u201cM\u00e1laga 4K Fest\u201d<\/strong>, tambi\u00e9n coincide con los otros dos eventos, por lo que los asistentes a estos tres encuentros podr\u00e1n disfrutar de una experiencia \u00fanica.<\/p>\n<p>La intenci\u00f3n del\u00a0<strong>director de Festival de M\u00e1laga, Juan Antonio Vigar<\/strong>, y del<strong>\u00a0CEO de Medina Media Events, Ricardo Medina<\/strong>, es hacer coincidir en futuras ediciones las fechas de los tres eventos para consolidar en noviembre una cita anual que consolide a\u00a0<strong>M\u00e1laga como capital art\u00edstica-tecnol\u00f3gica-audiovisual del Sur de Europa<\/strong>.<\/p>\n<p><strong>Ricardo Medina<\/strong>\u00a0avanz\u00f3 que los asistentes y patrocinadores de la 4KSummit tendr\u00e1n garantizada la adquisici\u00f3n de las entradas para asistir a los conciertos del M\u00e1laga Jazz Festival, que tendr\u00e1 lugar en el Teatro Cervantes.<\/p>\n<p>El\u00a0<strong>33 Festival Internacional de Jazz de M\u00e1laga<\/strong>\u00a0reconocer\u00e1 este a\u00f1o las trayectorias del saxofonista\u00a0<strong>Charles Lloyd\u00a0<\/strong>y el pianista\u00a0<strong>Kenny Barron<\/strong>, dos leyendas de la \u00e9poca dorada del jazz.<\/p>\n<p>El primer d\u00eda,\u00a0<strong>5 de noviembre, el trompetista Charles Tolliver abrir\u00e1 el festival<\/strong>\u00a0con un &#8216;set&#8217; en el que interpretar\u00e1 su conocido \u00e1lbum\u00a0<em>Paper man<\/em>, que en su d\u00eda grab\u00f3 con Herbie Hancock al piano, Ron Carter al bajo, Joe Chambers a la bater\u00eda y Gary Bartz al saxo.<\/p>\n<p>El mi\u00e9rcoles\u00a0<strong>6 de noviembre actuar\u00e1 el saxofonista malague\u00f1o Ernesto Aurignac<\/strong>, que ya estuvo en ediciones pasadas y ahora vuelve acompa\u00f1ado de 10 m\u00fasicos con los que presentar\u00e1 su nuevo trabajo\u00a0<em>Plut\u00f3n<\/em>, una obra inspirada en sonidos del cosmos, una especie de viaje ac\u00fastico en torno al mundo del jazz.<\/p>\n<p><strong>La entrega del premio &#8216;M\u00e1lagajazz&#8217; se har\u00e1 el jueves 7 de noviembre y recaer\u00e1 sobre el solista, acompa\u00f1ante, compositor y arreglista Kenny Barron<\/strong>, uno de los mejores instrumentistas mejor dotados t\u00e9cnicamente del jazz moderno.<\/p>\n<p><strong>El viernes 8 de noviembre, Charles Lloyd recibir\u00e1 el Premio &#8216;Cifu&#8217; 2019<\/strong>. Su m\u00fasica contar\u00e1 con la compa\u00f1\u00eda de Gerald Clayton al piano, Marvin Sewell a la guitarra, Harish Raghavan al contrabajo y Eric Harland en la bater\u00eda.<\/p>\n<p><strong>El s\u00e1bado 9 de noviembre, el mexicano Antonio S\u00e1nchez vendr\u00e1 acompa\u00f1ado de Migration<\/strong>. Chais Baird al saxo, John Escreet al piano, Orlando le Fleming al contrabajo y Thana Alexa a la voz conforman su banda de cabecera, con la que intentar\u00e1 concienciar sobre aquellos que como \u00e9l tuvieron que abandonar su pa\u00eds.<\/p>\n<p><strong>El noruego Nils Petter Molvaer, actuar\u00e1 el domingo 10 de noviembre<\/strong>. Un trompetista capaz de unir el jazz con otros estilos m\u00e1s desafiantes como el house o la m\u00fasica electr\u00f3nica para crear nuevas categor\u00edas como &#8216;future jazz&#8217; o &#8216;electro jazz&#8217;. Tocar\u00e1 en el Teatro Cervantes junto al bajista Jo Berger Myhre y el bater\u00eda Erland Dahlen.<\/p>\n<p><strong>El broche final de este festival lo pondr\u00e1 la cantante y trompetista barcelonesa Andrea Motis el lunes 11 de noviembre<\/strong>. Andrea, junto a sus compa\u00f1eros, interpretar\u00e1 en el Teatro Cervantes\u00a0<em>Emotional dance<\/em>.<\/p>\n","protected":false},"excerpt":{"rendered":"<p>El jazz y el 4K\u00a0se fusionar\u00e1n del\u00a06 al 8 de noviembre\u00a0en M\u00e1laga con motivo de la quinta edici\u00f3n de la\u00a04K-HDR Summit, el\u00a0evento internacional m\u00e1s relevante sobre la Ultra Alta Definici\u00f3n (UHD), que tiene lugar cada a\u00f1o en el Polo Nacional de Contenidos Digitales de la capital de la Costa del Sol. La\u00a04K-HDR Summit\u00a0y el\u00a0Festival de [&hellip;]<\/p>\n","protected":false},"author":4,"featured_media":8902,"comment_status":"open","ping_status":"closed","sticky":false,"template":"","format":"standard","meta":{"_acf_changed":false,"footnotes":""},"categories":[26],"tags":[],"class_list":["post-8901","post","type-post","status-publish","format-standard","has-post-thumbnail","hentry","category-noticias-4k"],"acf":[],"yoast_head":"<!-- This site is optimized with the Yoast SEO plugin v27.5 - https:\/\/yoast.com\/product\/yoast-seo-wordpress\/ -->\n<title>EL 4K Y EL JAZZ SE FUSIONAR\u00c1N EN M\u00c1LAGA DEL 6 AL 8 DE NOVIEMBRE - 4K-HDR SUMMIT<\/title>\n<meta name=\"robots\" content=\"index, follow, max-snippet:-1, max-image-preview:large, max-video-preview:-1\" \/>\n<link rel=\"canonical\" href=\"https:\/\/www.4ksummit.com\/es\/el-4k-y-el-jazz-se-fusionaran-en-malaga-del-6-al-8-de-noviembre\/\" \/>\n<meta property=\"og:locale\" content=\"es_ES\" \/>\n<meta property=\"og:type\" content=\"article\" \/>\n<meta property=\"og:title\" content=\"EL 4K Y EL JAZZ SE FUSIONAR\u00c1N EN M\u00c1LAGA DEL 6 AL 8 DE NOVIEMBRE - 4K-HDR SUMMIT\" \/>\n<meta property=\"og:description\" content=\"El jazz y el 4K\u00a0se fusionar\u00e1n del\u00a06 al 8 de noviembre\u00a0en M\u00e1laga con motivo de la quinta edici\u00f3n de la\u00a04K-HDR Summit, el\u00a0evento internacional m\u00e1s relevante sobre la Ultra Alta Definici\u00f3n (UHD), que tiene lugar cada a\u00f1o en el Polo Nacional de Contenidos Digitales de la capital de la Costa del Sol. La\u00a04K-HDR Summit\u00a0y el\u00a0Festival de [&hellip;]\" \/>\n<meta property=\"og:url\" content=\"https:\/\/www.4ksummit.com\/es\/el-4k-y-el-jazz-se-fusionaran-en-malaga-del-6-al-8-de-noviembre\/\" \/>\n<meta property=\"og:site_name\" content=\"4K-HDR SUMMIT\" \/>\n<meta property=\"article:published_time\" content=\"2019-11-02T08:18:52+00:00\" \/>\n<meta property=\"og:image\" content=\"https:\/\/www.4ksummit.com\/wp-content\/uploads\/2019\/10\/eaebe5c6-f1c8-460f-9783-e3d3cc94d3b6.jpg\" \/>\n\t<meta property=\"og:image:width\" content=\"1050\" \/>\n\t<meta property=\"og:image:height\" content=\"700\" \/>\n\t<meta property=\"og:image:type\" content=\"image\/jpeg\" \/>\n<meta name=\"author\" content=\"G\" \/>\n<meta name=\"twitter:card\" content=\"summary_large_image\" \/>\n<meta name=\"twitter:label1\" content=\"Escrito por\" \/>\n\t<meta name=\"twitter:data1\" content=\"G\" \/>\n\t<meta name=\"twitter:label2\" content=\"Tiempo de lectura\" \/>\n\t<meta name=\"twitter:data2\" content=\"3 minutos\" \/>\n<script type=\"application\/ld+json\" class=\"yoast-schema-graph\">{\"@context\":\"https:\\\/\\\/schema.org\",\"@graph\":[{\"@type\":\"Article\",\"@id\":\"https:\\\/\\\/www.4ksummit.com\\\/es\\\/el-4k-y-el-jazz-se-fusionaran-en-malaga-del-6-al-8-de-noviembre\\\/#article\",\"isPartOf\":{\"@id\":\"https:\\\/\\\/www.4ksummit.com\\\/es\\\/el-4k-y-el-jazz-se-fusionaran-en-malaga-del-6-al-8-de-noviembre\\\/\"},\"author\":{\"name\":\"G\",\"@id\":\"https:\\\/\\\/www.4ksummit.com\\\/#\\\/schema\\\/person\\\/183f3cf4328bbb849d8b4db5eeb5ac7e\"},\"headline\":\"EL 4K Y EL JAZZ SE FUSIONAR\u00c1N EN M\u00c1LAGA DEL 6 AL 8 DE NOVIEMBRE\",\"datePublished\":\"2019-11-02T08:18:52+00:00\",\"mainEntityOfPage\":{\"@id\":\"https:\\\/\\\/www.4ksummit.com\\\/es\\\/el-4k-y-el-jazz-se-fusionaran-en-malaga-del-6-al-8-de-noviembre\\\/\"},\"wordCount\":624,\"commentCount\":0,\"publisher\":{\"@id\":\"https:\\\/\\\/www.4ksummit.com\\\/#organization\"},\"image\":{\"@id\":\"https:\\\/\\\/www.4ksummit.com\\\/es\\\/el-4k-y-el-jazz-se-fusionaran-en-malaga-del-6-al-8-de-noviembre\\\/#primaryimage\"},\"thumbnailUrl\":\"https:\\\/\\\/www.4ksummit.com\\\/wp-content\\\/uploads\\\/2019\\\/10\\\/eaebe5c6-f1c8-460f-9783-e3d3cc94d3b6.jpg\",\"articleSection\":[\"Noticias 4k\"],\"inLanguage\":\"es\"},{\"@type\":\"WebPage\",\"@id\":\"https:\\\/\\\/www.4ksummit.com\\\/es\\\/el-4k-y-el-jazz-se-fusionaran-en-malaga-del-6-al-8-de-noviembre\\\/\",\"url\":\"https:\\\/\\\/www.4ksummit.com\\\/es\\\/el-4k-y-el-jazz-se-fusionaran-en-malaga-del-6-al-8-de-noviembre\\\/\",\"name\":\"EL 4K Y EL JAZZ SE FUSIONAR\u00c1N EN M\u00c1LAGA DEL 6 AL 8 DE NOVIEMBRE - 4K-HDR SUMMIT\",\"isPartOf\":{\"@id\":\"https:\\\/\\\/www.4ksummit.com\\\/#website\"},\"primaryImageOfPage\":{\"@id\":\"https:\\\/\\\/www.4ksummit.com\\\/es\\\/el-4k-y-el-jazz-se-fusionaran-en-malaga-del-6-al-8-de-noviembre\\\/#primaryimage\"},\"image\":{\"@id\":\"https:\\\/\\\/www.4ksummit.com\\\/es\\\/el-4k-y-el-jazz-se-fusionaran-en-malaga-del-6-al-8-de-noviembre\\\/#primaryimage\"},\"thumbnailUrl\":\"https:\\\/\\\/www.4ksummit.com\\\/wp-content\\\/uploads\\\/2019\\\/10\\\/eaebe5c6-f1c8-460f-9783-e3d3cc94d3b6.jpg\",\"datePublished\":\"2019-11-02T08:18:52+00:00\",\"breadcrumb\":{\"@id\":\"https:\\\/\\\/www.4ksummit.com\\\/es\\\/el-4k-y-el-jazz-se-fusionaran-en-malaga-del-6-al-8-de-noviembre\\\/#breadcrumb\"},\"inLanguage\":\"es\",\"potentialAction\":[{\"@type\":\"ReadAction\",\"target\":[\"https:\\\/\\\/www.4ksummit.com\\\/es\\\/el-4k-y-el-jazz-se-fusionaran-en-malaga-del-6-al-8-de-noviembre\\\/\"]}]},{\"@type\":\"ImageObject\",\"inLanguage\":\"es\",\"@id\":\"https:\\\/\\\/www.4ksummit.com\\\/es\\\/el-4k-y-el-jazz-se-fusionaran-en-malaga-del-6-al-8-de-noviembre\\\/#primaryimage\",\"url\":\"https:\\\/\\\/www.4ksummit.com\\\/wp-content\\\/uploads\\\/2019\\\/10\\\/eaebe5c6-f1c8-460f-9783-e3d3cc94d3b6.jpg\",\"contentUrl\":\"https:\\\/\\\/www.4ksummit.com\\\/wp-content\\\/uploads\\\/2019\\\/10\\\/eaebe5c6-f1c8-460f-9783-e3d3cc94d3b6.jpg\",\"width\":1050,\"height\":700},{\"@type\":\"BreadcrumbList\",\"@id\":\"https:\\\/\\\/www.4ksummit.com\\\/es\\\/el-4k-y-el-jazz-se-fusionaran-en-malaga-del-6-al-8-de-noviembre\\\/#breadcrumb\",\"itemListElement\":[{\"@type\":\"ListItem\",\"position\":1,\"name\":\"Portada\",\"item\":\"https:\\\/\\\/www.4ksummit.com\\\/es\\\/\"},{\"@type\":\"ListItem\",\"position\":2,\"name\":\"EL 4K Y EL JAZZ SE FUSIONAR\u00c1N EN M\u00c1LAGA DEL 6 AL 8 DE NOVIEMBRE\"}]},{\"@type\":\"WebSite\",\"@id\":\"https:\\\/\\\/www.4ksummit.com\\\/#website\",\"url\":\"https:\\\/\\\/www.4ksummit.com\\\/\",\"name\":\"4K-HDR SUMMIT\",\"description\":\"2018\",\"publisher\":{\"@id\":\"https:\\\/\\\/www.4ksummit.com\\\/#organization\"},\"potentialAction\":[{\"@type\":\"SearchAction\",\"target\":{\"@type\":\"EntryPoint\",\"urlTemplate\":\"https:\\\/\\\/www.4ksummit.com\\\/?s={search_term_string}\"},\"query-input\":{\"@type\":\"PropertyValueSpecification\",\"valueRequired\":true,\"valueName\":\"search_term_string\"}}],\"inLanguage\":\"es\"},{\"@type\":\"Organization\",\"@id\":\"https:\\\/\\\/www.4ksummit.com\\\/#organization\",\"name\":\"4K-UHD SUMMIT\",\"url\":\"https:\\\/\\\/www.4ksummit.com\\\/\",\"logo\":{\"@type\":\"ImageObject\",\"inLanguage\":\"es\",\"@id\":\"https:\\\/\\\/www.4ksummit.com\\\/#\\\/schema\\\/logo\\\/image\\\/\",\"url\":\"https:\\\/\\\/www.4ksummit.com\\\/wp-content\\\/uploads\\\/2020\\\/05\\\/4ksummit.png\",\"contentUrl\":\"https:\\\/\\\/www.4ksummit.com\\\/wp-content\\\/uploads\\\/2020\\\/05\\\/4ksummit.png\",\"width\":600,\"height\":246,\"caption\":\"4K-UHD SUMMIT\"},\"image\":{\"@id\":\"https:\\\/\\\/www.4ksummit.com\\\/#\\\/schema\\\/logo\\\/image\\\/\"}},{\"@type\":\"Person\",\"@id\":\"https:\\\/\\\/www.4ksummit.com\\\/#\\\/schema\\\/person\\\/183f3cf4328bbb849d8b4db5eeb5ac7e\",\"name\":\"G\"}]}<\/script>\n<!-- \/ Yoast SEO plugin. -->","yoast_head_json":{"title":"EL 4K Y EL JAZZ SE FUSIONAR\u00c1N EN M\u00c1LAGA DEL 6 AL 8 DE NOVIEMBRE - 4K-HDR SUMMIT","robots":{"index":"index","follow":"follow","max-snippet":"max-snippet:-1","max-image-preview":"max-image-preview:large","max-video-preview":"max-video-preview:-1"},"canonical":"https:\/\/www.4ksummit.com\/es\/el-4k-y-el-jazz-se-fusionaran-en-malaga-del-6-al-8-de-noviembre\/","og_locale":"es_ES","og_type":"article","og_title":"EL 4K Y EL JAZZ SE FUSIONAR\u00c1N EN M\u00c1LAGA DEL 6 AL 8 DE NOVIEMBRE - 4K-HDR SUMMIT","og_description":"El jazz y el 4K\u00a0se fusionar\u00e1n del\u00a06 al 8 de noviembre\u00a0en M\u00e1laga con motivo de la quinta edici\u00f3n de la\u00a04K-HDR Summit, el\u00a0evento internacional m\u00e1s relevante sobre la Ultra Alta Definici\u00f3n (UHD), que tiene lugar cada a\u00f1o en el Polo Nacional de Contenidos Digitales de la capital de la Costa del Sol. La\u00a04K-HDR Summit\u00a0y el\u00a0Festival de [&hellip;]","og_url":"https:\/\/www.4ksummit.com\/es\/el-4k-y-el-jazz-se-fusionaran-en-malaga-del-6-al-8-de-noviembre\/","og_site_name":"4K-HDR SUMMIT","article_published_time":"2019-11-02T08:18:52+00:00","og_image":[{"width":1050,"height":700,"url":"https:\/\/www.4ksummit.com\/wp-content\/uploads\/2019\/10\/eaebe5c6-f1c8-460f-9783-e3d3cc94d3b6.jpg","type":"image\/jpeg"}],"author":"G","twitter_card":"summary_large_image","twitter_misc":{"Escrito por":"G","Tiempo de lectura":"3 minutos"},"schema":{"@context":"https:\/\/schema.org","@graph":[{"@type":"Article","@id":"https:\/\/www.4ksummit.com\/es\/el-4k-y-el-jazz-se-fusionaran-en-malaga-del-6-al-8-de-noviembre\/#article","isPartOf":{"@id":"https:\/\/www.4ksummit.com\/es\/el-4k-y-el-jazz-se-fusionaran-en-malaga-del-6-al-8-de-noviembre\/"},"author":{"name":"G","@id":"https:\/\/www.4ksummit.com\/#\/schema\/person\/183f3cf4328bbb849d8b4db5eeb5ac7e"},"headline":"EL 4K Y EL JAZZ SE FUSIONAR\u00c1N EN M\u00c1LAGA DEL 6 AL 8 DE NOVIEMBRE","datePublished":"2019-11-02T08:18:52+00:00","mainEntityOfPage":{"@id":"https:\/\/www.4ksummit.com\/es\/el-4k-y-el-jazz-se-fusionaran-en-malaga-del-6-al-8-de-noviembre\/"},"wordCount":624,"commentCount":0,"publisher":{"@id":"https:\/\/www.4ksummit.com\/#organization"},"image":{"@id":"https:\/\/www.4ksummit.com\/es\/el-4k-y-el-jazz-se-fusionaran-en-malaga-del-6-al-8-de-noviembre\/#primaryimage"},"thumbnailUrl":"https:\/\/www.4ksummit.com\/wp-content\/uploads\/2019\/10\/eaebe5c6-f1c8-460f-9783-e3d3cc94d3b6.jpg","articleSection":["Noticias 4k"],"inLanguage":"es"},{"@type":"WebPage","@id":"https:\/\/www.4ksummit.com\/es\/el-4k-y-el-jazz-se-fusionaran-en-malaga-del-6-al-8-de-noviembre\/","url":"https:\/\/www.4ksummit.com\/es\/el-4k-y-el-jazz-se-fusionaran-en-malaga-del-6-al-8-de-noviembre\/","name":"EL 4K Y EL JAZZ SE FUSIONAR\u00c1N EN M\u00c1LAGA DEL 6 AL 8 DE NOVIEMBRE - 4K-HDR SUMMIT","isPartOf":{"@id":"https:\/\/www.4ksummit.com\/#website"},"primaryImageOfPage":{"@id":"https:\/\/www.4ksummit.com\/es\/el-4k-y-el-jazz-se-fusionaran-en-malaga-del-6-al-8-de-noviembre\/#primaryimage"},"image":{"@id":"https:\/\/www.4ksummit.com\/es\/el-4k-y-el-jazz-se-fusionaran-en-malaga-del-6-al-8-de-noviembre\/#primaryimage"},"thumbnailUrl":"https:\/\/www.4ksummit.com\/wp-content\/uploads\/2019\/10\/eaebe5c6-f1c8-460f-9783-e3d3cc94d3b6.jpg","datePublished":"2019-11-02T08:18:52+00:00","breadcrumb":{"@id":"https:\/\/www.4ksummit.com\/es\/el-4k-y-el-jazz-se-fusionaran-en-malaga-del-6-al-8-de-noviembre\/#breadcrumb"},"inLanguage":"es","potentialAction":[{"@type":"ReadAction","target":["https:\/\/www.4ksummit.com\/es\/el-4k-y-el-jazz-se-fusionaran-en-malaga-del-6-al-8-de-noviembre\/"]}]},{"@type":"ImageObject","inLanguage":"es","@id":"https:\/\/www.4ksummit.com\/es\/el-4k-y-el-jazz-se-fusionaran-en-malaga-del-6-al-8-de-noviembre\/#primaryimage","url":"https:\/\/www.4ksummit.com\/wp-content\/uploads\/2019\/10\/eaebe5c6-f1c8-460f-9783-e3d3cc94d3b6.jpg","contentUrl":"https:\/\/www.4ksummit.com\/wp-content\/uploads\/2019\/10\/eaebe5c6-f1c8-460f-9783-e3d3cc94d3b6.jpg","width":1050,"height":700},{"@type":"BreadcrumbList","@id":"https:\/\/www.4ksummit.com\/es\/el-4k-y-el-jazz-se-fusionaran-en-malaga-del-6-al-8-de-noviembre\/#breadcrumb","itemListElement":[{"@type":"ListItem","position":1,"name":"Portada","item":"https:\/\/www.4ksummit.com\/es\/"},{"@type":"ListItem","position":2,"name":"EL 4K Y EL JAZZ SE FUSIONAR\u00c1N EN M\u00c1LAGA DEL 6 AL 8 DE NOVIEMBRE"}]},{"@type":"WebSite","@id":"https:\/\/www.4ksummit.com\/#website","url":"https:\/\/www.4ksummit.com\/","name":"4K-HDR SUMMIT","description":"2018","publisher":{"@id":"https:\/\/www.4ksummit.com\/#organization"},"potentialAction":[{"@type":"SearchAction","target":{"@type":"EntryPoint","urlTemplate":"https:\/\/www.4ksummit.com\/?s={search_term_string}"},"query-input":{"@type":"PropertyValueSpecification","valueRequired":true,"valueName":"search_term_string"}}],"inLanguage":"es"},{"@type":"Organization","@id":"https:\/\/www.4ksummit.com\/#organization","name":"4K-UHD SUMMIT","url":"https:\/\/www.4ksummit.com\/","logo":{"@type":"ImageObject","inLanguage":"es","@id":"https:\/\/www.4ksummit.com\/#\/schema\/logo\/image\/","url":"https:\/\/www.4ksummit.com\/wp-content\/uploads\/2020\/05\/4ksummit.png","contentUrl":"https:\/\/www.4ksummit.com\/wp-content\/uploads\/2020\/05\/4ksummit.png","width":600,"height":246,"caption":"4K-UHD SUMMIT"},"image":{"@id":"https:\/\/www.4ksummit.com\/#\/schema\/logo\/image\/"}},{"@type":"Person","@id":"https:\/\/www.4ksummit.com\/#\/schema\/person\/183f3cf4328bbb849d8b4db5eeb5ac7e","name":"G"}]}},"_links":{"self":[{"href":"https:\/\/www.4ksummit.com\/es\/wp-json\/wp\/v2\/posts\/8901","targetHints":{"allow":["GET"]}}],"collection":[{"href":"https:\/\/www.4ksummit.com\/es\/wp-json\/wp\/v2\/posts"}],"about":[{"href":"https:\/\/www.4ksummit.com\/es\/wp-json\/wp\/v2\/types\/post"}],"author":[{"embeddable":true,"href":"https:\/\/www.4ksummit.com\/es\/wp-json\/wp\/v2\/users\/4"}],"replies":[{"embeddable":true,"href":"https:\/\/www.4ksummit.com\/es\/wp-json\/wp\/v2\/comments?post=8901"}],"version-history":[{"count":0,"href":"https:\/\/www.4ksummit.com\/es\/wp-json\/wp\/v2\/posts\/8901\/revisions"}],"wp:featuredmedia":[{"embeddable":true,"href":"https:\/\/www.4ksummit.com\/es\/wp-json\/wp\/v2\/media\/8902"}],"wp:attachment":[{"href":"https:\/\/www.4ksummit.com\/es\/wp-json\/wp\/v2\/media?parent=8901"}],"wp:term":[{"taxonomy":"category","embeddable":true,"href":"https:\/\/www.4ksummit.com\/es\/wp-json\/wp\/v2\/categories?post=8901"},{"taxonomy":"post_tag","embeddable":true,"href":"https:\/\/www.4ksummit.com\/es\/wp-json\/wp\/v2\/tags?post=8901"}],"curies":[{"name":"wp","href":"https:\/\/api.w.org\/{rel}","templated":true}]}}