{"id":36058,"date":"2025-10-21T11:41:00","date_gmt":"2025-10-21T09:41:00","guid":{"rendered":"https:\/\/www.4ksummit.com\/uhd-spain-will-pay-tribute-to-ricardo-medina-and-jose-manuel-menendez-key-figures-in-the-audiovisual-sector-and-uhd-at-the-4k-hdr-summit-2025\/"},"modified":"2025-10-27T14:03:05","modified_gmt":"2025-10-27T13:03:05","slug":"uhd-spain-rendira-homenaje-a-ricardo-medina-y-jose-manuel-menendez-figuras-clave-del-sector-audiovisual-y-de-la-uhd-en-la-4k-hdr-summit-2025","status":"publish","type":"post","link":"https:\/\/www.4ksummit.com\/es\/uhd-spain-rendira-homenaje-a-ricardo-medina-y-jose-manuel-menendez-figuras-clave-del-sector-audiovisual-y-de-la-uhd-en-la-4k-hdr-summit-2025\/","title":{"rendered":"UHD Spain rendir\u00e1 homenaje a Ricardo Medina y Jos\u00e9 Manuel Men\u00e9ndez, figuras clave del sector audiovisual y de la UHD, en la 4K HDR Summit 2025"},"content":{"rendered":"<ul>\n<li><strong>Ricardo Medina, fundador de Medina Media y UHD Spain, y Jos\u00e9 Manuel Men\u00e9ndez, catedr\u00e1tico de la UPM y director de la C\u00e1tedra RTVE-UPM, recibir\u00e1n un emotivo reconocimiento p\u00f3stumo por su legado en la industria audiovisual.<\/strong><\/li>\n<li><strong>La und\u00e9cima edici\u00f3n de la 4K HDR Summit tendr\u00e1 lugar del 11 al 14 de noviembre, con dos jornadas presenciales (martes 11 y mi\u00e9rcoles 12) en el Auditorio Cartuja -gestionado por Yventu- de Sevilla TechPark y otras dos virtuales.<\/strong><\/li>\n<\/ul>\n<p>&nbsp;<\/p>\n<p>La und\u00e9cima edici\u00f3n de la <strong>4K HDR Summit de Sevilla<\/strong> rendir\u00e1 tributo a dos personalidades imprescindibles en el impulso de la <strong>Ultra Alta Definici\u00f3n<\/strong> en Espa\u00f1a: <strong>Ricardo Medina<\/strong>, <strong>fundador de Medina Media<\/strong> en el a\u00f1o 2004 y de <strong>UHD Spain<\/strong> en 2021, y <strong>Jos\u00e9 Manuel Men\u00e9ndez<\/strong>, catedr\u00e1tico de la <strong>Escuela T\u00e9cnica Superior de Ingenieros de Telecomunicaci\u00f3n de la Universidad Polit\u00e9cnica de Madrid (UPM)<\/strong> y director de la <strong>C\u00e1tedra RTVE-UPM<\/strong> desde su creaci\u00f3n en 2015. Ambos, figuras clave en el desarrollo de la Ultra Alta Definici\u00f3n en Espa\u00f1a, ser\u00e1n recordados durante la jornada inaugural por su destacada trayectoria y su aportaci\u00f3n al sector.<\/p>\n<p>Sevilla se convertir\u00e1 durante una semana en capital de la Ultra Alta Definici\u00f3n con la celebraci\u00f3n de la cumbre \u201cdonde la tecnolog\u00eda y los contenidos tienen tiempo de hablar\u201d. Ser\u00e1 <strong>del 11 al 14 de noviembre en el Auditorio Cartuja -gestionado por Yventu- de Sevilla TechPark<\/strong> con dos jornadas presenciales (martes 11 y mi\u00e9rcoles 12) y otras dos virtuales (jueves 13 y viernes 14), donde m\u00e1s de 70 expertos en 4K participar\u00e1n en el \u00fanico congreso que une a los l\u00edderes en tecnolog\u00eda y en contenidos audiovisuales en el \u00e1mbito internacional.<\/p>\n<p>La organizaci\u00f3n de la 4K HDR Summit, evento creado precisamente por Ricardo Medina, aprovechar\u00e1 la celebraci\u00f3n de su und\u00e9cima edici\u00f3n para ensalzar, de la mano de UHD Spain, la figura de estas dos personalidades que coincidieron en <strong>el impulso y el desarrollo de la Ultra Alta Definici\u00f3n. <\/strong>Miembros de <strong>UHD Spain<\/strong> entregar\u00e1n <strong>placas conmemorativa<\/strong>s<strong> durante la Ceremonia Oficial el martes 11 de noviembre <\/strong>en reconocimiento a la <strong>trayectoria, liderazgo y visi\u00f3n de Ricardo Medina y al catedr\u00e1tico Jos\u00e9 Manuel Men\u00e9ndez<\/strong>, quienes contribuyeron de forma decisiva a la expansi\u00f3n y consolidaci\u00f3n de las tecnolog\u00edas audiovisuales m\u00e1s avanzadas, dejando una huella profunda en la industria.<\/p>\n<p>&nbsp;<\/p>\n<p><strong>Ricardo Medina: pionero, comunicador y visionario del sector audiovisual<\/strong><\/p>\n<p><strong>Ricardo Medina ha sido una de las figuras m\u00e1s influyentes del panorama audiovisual espa\u00f1ol.<\/strong> Periodista y productor, fue cofundador en 1989 del canal <strong>Telemadrid<\/strong> y creador del formato pionero <em>Madrid Directo<\/em>, que m\u00e1s tarde se adaptar\u00eda a nivel nacional como <em>Espa\u00f1a Directo<\/em>. Tambi\u00e9n impuls\u00f3 el programa <em>La Ma\u00f1ana de La 1<\/em> en Televisi\u00f3n Espa\u00f1ola, consolidando nuevos est\u00e1ndares de reporterismo y realizaci\u00f3n televisiva en directo.<\/p>\n<p>Su trayectoria profesional se forj\u00f3 adem\u00e1s en misiones como <strong>corresponsal de guerra de la Agencia EFE<\/strong>, donde cubri\u00f3 conflictos en pa\u00edses como El Salvador, Guatemala, Hait\u00ed, Ruanda, Sarajevo y durante la Guerra del Golfo. Aquella etapa marc\u00f3 su car\u00e1cter y su visi\u00f3n del periodismo, definida por la \u00e9tica, el rigor y una mirada global que traslad\u00f3 posteriormente al medio televisivo.<\/p>\n<p><img loading=\"lazy\" decoding=\"async\" class=\"alignnone size-full wp-image-36054\" src=\"https:\/\/www.4ksummit.com\/wp-content\/uploads\/2025\/10\/Ricardo-Medina-04.jpg\" alt=\"\" width=\"1024\" height=\"684\" srcset=\"https:\/\/www.4ksummit.com\/wp-content\/uploads\/2025\/10\/Ricardo-Medina-04.jpg 1024w, https:\/\/www.4ksummit.com\/wp-content\/uploads\/2025\/10\/Ricardo-Medina-04-300x200.jpg 300w, https:\/\/www.4ksummit.com\/wp-content\/uploads\/2025\/10\/Ricardo-Medina-04-768x513.jpg 768w\" sizes=\"(max-width: 1024px) 100vw, 1024px\" \/><\/p>\n<p><strong><em>Ricardo Medina durante la celebraci\u00f3n de la d\u00e9cima edici\u00f3n de la 4K HDR Summit en 2024.<\/em><\/strong><\/p>\n<p>En el a\u00f1o 2004 fund\u00f3 <strong>Medina Media<\/strong>, desde la cual impuls\u00f3 reconocidos contenidos como el formato <em>Andaluces por el Mundo<\/em>, y en 2021 promovi\u00f3 la creaci\u00f3n de <strong>UHD Spain<\/strong>, asociaci\u00f3n dedicada a la promoci\u00f3n y desarrollo de la <strong>Ultra Alta Definici\u00f3n<\/strong> en Espa\u00f1a. Con su iniciativa y liderazgo, tanto Medina Media como el propio sector audiovisual espa\u00f1ol se situaron a la vanguardia de la producci\u00f3n en <strong>4K y UHD<\/strong>, convirti\u00e9ndose en un referente tecnol\u00f3gico y creativo.<\/p>\n<p>A trav\u00e9s de Medina Media tambi\u00e9n cre\u00f3 <strong>eventos de referencia internacional<\/strong> como la <em>4K HDR Summit<\/em>, el <em>5G Forum<\/em> o, m\u00e1s recientemente, <em>New Space &amp; Solutions<\/em>. Su pasi\u00f3n por la innovaci\u00f3n tecnol\u00f3gica y su capacidad para conectar a los principales actores de la industria convirtieron a la <em>4K HDR Summit<\/em> en una <strong>cita mundial de referencia<\/strong>.<\/p>\n<p>Como fundador de <strong>UHD Spain<\/strong>, fue una figura clave en la creaci\u00f3n de una plataforma colaborativa que uni\u00f3 a televisiones, productoras, operadores y centros tecnol\u00f3gicos con un objetivo com\u00fan: situar a Espa\u00f1a a la vanguardia de la Ultra Alta Definici\u00f3n. Su energ\u00eda, entusiasmo y compromiso con la excelencia marcaron <strong>un antes y un despu\u00e9s en la divulgaci\u00f3n y aplicaci\u00f3n de las nuevas tecnolog\u00edas audiovisuales<\/strong>.<\/p>\n<p><strong>Ricardo Medina falleci\u00f3 el 18 de agosto de 2025<\/strong>, dejando un profundo vac\u00edo en la industria, pero tambi\u00e9n un legado que <strong>seguir\u00e1 inspirando a generaciones de profesionales del audiovisual<\/strong>.\u00a0 Su esp\u00edritu innovador y su visi\u00f3n pionera permanecen vivos en los proyectos que fund\u00f3 y en las personas que contin\u00faan su camino, manteniendo encendida la pasi\u00f3n por contar historias con la mejor tecnolog\u00eda posible.<\/p>\n<p>&nbsp;<\/p>\n<p><strong>Jos\u00e9 Manuel Men\u00e9ndez: referente acad\u00e9mico y puente entre la Universidad y la industria<\/strong><\/p>\n<p><strong>Jos\u00e9 Manuel Men\u00e9ndez<\/strong> dedic\u00f3 su vida a la docencia, la investigaci\u00f3n y la innovaci\u00f3n tecnol\u00f3gica. Catedr\u00e1tico de la <strong>UPM<\/strong>, dirigi\u00f3 la <strong>C\u00e1tedra RTVE-UPM<\/strong> desde 2015, convirti\u00e9ndola en un espacio de referencia para el desarrollo de proyectos pioneros en el \u00e1mbito de la televisi\u00f3n p\u00fablica, la Inteligencia Artificial aplicada a la producci\u00f3n audiovisual y la Ultra Alta Definici\u00f3n.<\/p>\n<p><img loading=\"lazy\" decoding=\"async\" class=\"alignnone size-full wp-image-36056\" src=\"https:\/\/www.4ksummit.com\/wp-content\/uploads\/2025\/10\/Jose-Manuel-Menendez.jpg\" alt=\"\" width=\"1024\" height=\"683\" srcset=\"https:\/\/www.4ksummit.com\/wp-content\/uploads\/2025\/10\/Jose-Manuel-Menendez.jpg 1024w, https:\/\/www.4ksummit.com\/wp-content\/uploads\/2025\/10\/Jose-Manuel-Menendez-300x200.jpg 300w, https:\/\/www.4ksummit.com\/wp-content\/uploads\/2025\/10\/Jose-Manuel-Menendez-768x512.jpg 768w\" sizes=\"(max-width: 1024px) 100vw, 1024px\" \/><\/p>\n<p><strong><em>Jos\u00e9 Manuel Men\u00e9ndez\u00a0durante la celebraci\u00f3n de la d\u00e9cima edici\u00f3n de la 4K HDR Summit en 2024.<\/em><\/strong><\/p>\n<p>Men\u00e9ndez, tristemente <strong>fallecido el 18 de septiembre de 2025<\/strong>, fue tambi\u00e9n esencial en la creaci\u00f3n de <strong>UHD Spain<\/strong>, siendo el responsable de las <strong>tres ediciones publicadas del Libro Blanco<\/strong> y participando activamente en los grupos de trabajo, contribuyendo as\u00ed al avance t\u00e9cnico de la asociaci\u00f3n con su visi\u00f3n cient\u00edfica y su capacidad para conectar el conocimiento acad\u00e9mico con las necesidades reales del sector audiovisual. Tambi\u00e9n fue <strong>coordinador del Curso de Producci\u00f3n y Emisi\u00f3n de se\u00f1al UHD<\/strong> en colaboraci\u00f3n con la Universidad Polit\u00e9cnica de Madrid (UPM) y el Instituto RTVE. Su <strong>labor formativa<\/strong> y su impulso constante por la excelencia t\u00e9cnica dejan una profunda huella en generaciones de ingenieros y profesionales de la comunicaci\u00f3n.<\/p>\n<p>La <strong>4K HDR Summit de Sevilla 2025<\/strong> ser\u00e1 un espacio no solo para la innovaci\u00f3n y el intercambio tecnol\u00f3gico, sino tambi\u00e9n para el recuerdo y reconocimiento de quienes contribuyeron a que Espa\u00f1a ocupe hoy un lugar destacado en la evoluci\u00f3n de la Ultra Alta Definici\u00f3n.<\/p>\n<p>Con estos homenajes, <strong>la 4K HDR Summit<\/strong> y toda la comunidad audiovisual quieren agradecer la entrega y la pasi\u00f3n de <strong>Ricardo Medina<\/strong> y <strong>Jos\u00e9 Manuel Men\u00e9ndez<\/strong>, cuyo legado seguir\u00e1 inspirando el futuro del sector.<\/p>\n<p>La <strong>4K HDR Summit 2025<\/strong>, \u201cDonde la tecnolog\u00eda y los contenidos tienen tiempo de hablar\u201d, est\u00e1 organizada por Medina Media Events y cuenta con el apoyo de RTVE, Appear, Ateme, RTVA, Elecard, AJA, Axion, Aicox con Small Pixels, Google, UWA, Lawo, SES, Synamedia, Rohde &amp; Schwarz, Eutelsat, Gsertel, CISCO, Vestel, Toshiba, JVC, Daewoo, Canon, Cellnex, Hispasat, Alfalite, Netgear, Mome, Datos Media, Sapec, AEQ y Avixa, entre otros.<\/p>\n<p>Todas las ponencias estar\u00e1n disponibles para su visionado a la carta a trav\u00e9s de <a href=\"https:\/\/www.thenewtechobservatory.com\/inicio.aspx\" target=\"_blank\" rel=\"noopener\"><span style=\"color: #0000ff;\"><strong>\u2018El Observatorio\u2019<\/strong><\/span><\/a>, la plataforma digital de Medina Media Events, donde cada intervenci\u00f3n estar\u00e1 disponible 24 horas los 365 d\u00edas del a\u00f1o de forma gratuita.<\/p>\n","protected":false},"excerpt":{"rendered":"<p>Ricardo Medina, fundador de Medina Media y UHD Spain, y Jos\u00e9 Manuel Men\u00e9ndez, catedr\u00e1tico de la UPM y director de la C\u00e1tedra RTVE-UPM, recibir\u00e1n un emotivo reconocimiento p\u00f3stumo por su legado en la industria audiovisual. La und\u00e9cima edici\u00f3n de la 4K HDR Summit tendr\u00e1 lugar del 11 al 14 de noviembre, con dos jornadas presenciales [&hellip;]<\/p>\n","protected":false},"author":2,"featured_media":36052,"comment_status":"closed","ping_status":"closed","sticky":false,"template":"","format":"standard","meta":{"_acf_changed":false,"footnotes":""},"categories":[171],"tags":[],"class_list":["post-36058","post","type-post","status-publish","format-standard","has-post-thumbnail","hentry","category-4k-spain"],"acf":[],"yoast_head":"<!-- This site is optimized with the Yoast SEO plugin v27.5 - https:\/\/yoast.com\/product\/yoast-seo-wordpress\/ -->\n<title>UHD Spain rendir\u00e1 homenaje a Ricardo Medina y Jos\u00e9 Manuel Men\u00e9ndez, figuras clave del sector audiovisual y de la UHD, en la 4K HDR Summit 2025 - 4K-HDR SUMMIT<\/title>\n<meta name=\"robots\" content=\"index, follow, max-snippet:-1, max-image-preview:large, max-video-preview:-1\" \/>\n<link rel=\"canonical\" href=\"https:\/\/www.4ksummit.com\/es\/uhd-spain-rendira-homenaje-a-ricardo-medina-y-jose-manuel-menendez-figuras-clave-del-sector-audiovisual-y-de-la-uhd-en-la-4k-hdr-summit-2025\/\" \/>\n<meta property=\"og:locale\" content=\"es_ES\" \/>\n<meta property=\"og:type\" content=\"article\" \/>\n<meta property=\"og:title\" content=\"UHD Spain rendir\u00e1 homenaje a Ricardo Medina y Jos\u00e9 Manuel Men\u00e9ndez, figuras clave del sector audiovisual y de la UHD, en la 4K HDR Summit 2025 - 4K-HDR SUMMIT\" \/>\n<meta property=\"og:description\" content=\"Ricardo Medina, fundador de Medina Media y UHD Spain, y Jos\u00e9 Manuel Men\u00e9ndez, catedr\u00e1tico de la UPM y director de la C\u00e1tedra RTVE-UPM, recibir\u00e1n un emotivo reconocimiento p\u00f3stumo por su legado en la industria audiovisual. La und\u00e9cima edici\u00f3n de la 4K HDR Summit tendr\u00e1 lugar del 11 al 14 de noviembre, con dos jornadas presenciales [&hellip;]\" \/>\n<meta property=\"og:url\" content=\"https:\/\/www.4ksummit.com\/es\/uhd-spain-rendira-homenaje-a-ricardo-medina-y-jose-manuel-menendez-figuras-clave-del-sector-audiovisual-y-de-la-uhd-en-la-4k-hdr-summit-2025\/\" \/>\n<meta property=\"og:site_name\" content=\"4K-HDR SUMMIT\" \/>\n<meta property=\"article:published_time\" content=\"2025-10-21T09:41:00+00:00\" \/>\n<meta property=\"article:modified_time\" content=\"2025-10-27T13:03:05+00:00\" \/>\n<meta property=\"og:image\" content=\"https:\/\/www.4ksummit.com\/wp-content\/uploads\/2025\/10\/Ricardo-Medina-y-Jose-Manuel-Menendez.jpg\" \/>\n\t<meta property=\"og:image:width\" content=\"1024\" \/>\n\t<meta property=\"og:image:height\" content=\"684\" \/>\n\t<meta property=\"og:image:type\" content=\"image\/jpeg\" \/>\n<meta name=\"author\" content=\"Maria Medina\" \/>\n<meta name=\"twitter:card\" content=\"summary_large_image\" \/>\n<meta name=\"twitter:label1\" content=\"Escrito por\" \/>\n\t<meta name=\"twitter:data1\" content=\"Maria Medina\" \/>\n\t<meta name=\"twitter:label2\" content=\"Tiempo de lectura\" \/>\n\t<meta name=\"twitter:data2\" content=\"6 minutos\" \/>\n<script type=\"application\/ld+json\" class=\"yoast-schema-graph\">{\"@context\":\"https:\\\/\\\/schema.org\",\"@graph\":[{\"@type\":\"Article\",\"@id\":\"https:\\\/\\\/www.4ksummit.com\\\/es\\\/uhd-spain-rendira-homenaje-a-ricardo-medina-y-jose-manuel-menendez-figuras-clave-del-sector-audiovisual-y-de-la-uhd-en-la-4k-hdr-summit-2025\\\/#article\",\"isPartOf\":{\"@id\":\"https:\\\/\\\/www.4ksummit.com\\\/es\\\/uhd-spain-rendira-homenaje-a-ricardo-medina-y-jose-manuel-menendez-figuras-clave-del-sector-audiovisual-y-de-la-uhd-en-la-4k-hdr-summit-2025\\\/\"},\"author\":{\"name\":\"Maria Medina\",\"@id\":\"https:\\\/\\\/www.4ksummit.com\\\/#\\\/schema\\\/person\\\/8b70bbf598435c2dfb4f6b9ffeb0da82\"},\"headline\":\"UHD Spain rendir\u00e1 homenaje a Ricardo Medina y Jos\u00e9 Manuel Men\u00e9ndez, figuras clave del sector audiovisual y de la UHD, en la 4K HDR Summit 2025\",\"datePublished\":\"2025-10-21T09:41:00+00:00\",\"dateModified\":\"2025-10-27T13:03:05+00:00\",\"mainEntityOfPage\":{\"@id\":\"https:\\\/\\\/www.4ksummit.com\\\/es\\\/uhd-spain-rendira-homenaje-a-ricardo-medina-y-jose-manuel-menendez-figuras-clave-del-sector-audiovisual-y-de-la-uhd-en-la-4k-hdr-summit-2025\\\/\"},\"wordCount\":1304,\"publisher\":{\"@id\":\"https:\\\/\\\/www.4ksummit.com\\\/#organization\"},\"image\":{\"@id\":\"https:\\\/\\\/www.4ksummit.com\\\/es\\\/uhd-spain-rendira-homenaje-a-ricardo-medina-y-jose-manuel-menendez-figuras-clave-del-sector-audiovisual-y-de-la-uhd-en-la-4k-hdr-summit-2025\\\/#primaryimage\"},\"thumbnailUrl\":\"https:\\\/\\\/www.4ksummit.com\\\/wp-content\\\/uploads\\\/2025\\\/10\\\/Ricardo-Medina-y-Jose-Manuel-Menendez.jpg\",\"articleSection\":[\"4k Spain\"],\"inLanguage\":\"es\"},{\"@type\":\"WebPage\",\"@id\":\"https:\\\/\\\/www.4ksummit.com\\\/es\\\/uhd-spain-rendira-homenaje-a-ricardo-medina-y-jose-manuel-menendez-figuras-clave-del-sector-audiovisual-y-de-la-uhd-en-la-4k-hdr-summit-2025\\\/\",\"url\":\"https:\\\/\\\/www.4ksummit.com\\\/es\\\/uhd-spain-rendira-homenaje-a-ricardo-medina-y-jose-manuel-menendez-figuras-clave-del-sector-audiovisual-y-de-la-uhd-en-la-4k-hdr-summit-2025\\\/\",\"name\":\"UHD Spain rendir\u00e1 homenaje a Ricardo Medina y Jos\u00e9 Manuel Men\u00e9ndez, figuras clave del sector audiovisual y de la UHD, en la 4K HDR Summit 2025 - 4K-HDR SUMMIT\",\"isPartOf\":{\"@id\":\"https:\\\/\\\/www.4ksummit.com\\\/#website\"},\"primaryImageOfPage\":{\"@id\":\"https:\\\/\\\/www.4ksummit.com\\\/es\\\/uhd-spain-rendira-homenaje-a-ricardo-medina-y-jose-manuel-menendez-figuras-clave-del-sector-audiovisual-y-de-la-uhd-en-la-4k-hdr-summit-2025\\\/#primaryimage\"},\"image\":{\"@id\":\"https:\\\/\\\/www.4ksummit.com\\\/es\\\/uhd-spain-rendira-homenaje-a-ricardo-medina-y-jose-manuel-menendez-figuras-clave-del-sector-audiovisual-y-de-la-uhd-en-la-4k-hdr-summit-2025\\\/#primaryimage\"},\"thumbnailUrl\":\"https:\\\/\\\/www.4ksummit.com\\\/wp-content\\\/uploads\\\/2025\\\/10\\\/Ricardo-Medina-y-Jose-Manuel-Menendez.jpg\",\"datePublished\":\"2025-10-21T09:41:00+00:00\",\"dateModified\":\"2025-10-27T13:03:05+00:00\",\"breadcrumb\":{\"@id\":\"https:\\\/\\\/www.4ksummit.com\\\/es\\\/uhd-spain-rendira-homenaje-a-ricardo-medina-y-jose-manuel-menendez-figuras-clave-del-sector-audiovisual-y-de-la-uhd-en-la-4k-hdr-summit-2025\\\/#breadcrumb\"},\"inLanguage\":\"es\",\"potentialAction\":[{\"@type\":\"ReadAction\",\"target\":[\"https:\\\/\\\/www.4ksummit.com\\\/es\\\/uhd-spain-rendira-homenaje-a-ricardo-medina-y-jose-manuel-menendez-figuras-clave-del-sector-audiovisual-y-de-la-uhd-en-la-4k-hdr-summit-2025\\\/\"]}]},{\"@type\":\"ImageObject\",\"inLanguage\":\"es\",\"@id\":\"https:\\\/\\\/www.4ksummit.com\\\/es\\\/uhd-spain-rendira-homenaje-a-ricardo-medina-y-jose-manuel-menendez-figuras-clave-del-sector-audiovisual-y-de-la-uhd-en-la-4k-hdr-summit-2025\\\/#primaryimage\",\"url\":\"https:\\\/\\\/www.4ksummit.com\\\/wp-content\\\/uploads\\\/2025\\\/10\\\/Ricardo-Medina-y-Jose-Manuel-Menendez.jpg\",\"contentUrl\":\"https:\\\/\\\/www.4ksummit.com\\\/wp-content\\\/uploads\\\/2025\\\/10\\\/Ricardo-Medina-y-Jose-Manuel-Menendez.jpg\",\"width\":1024,\"height\":684},{\"@type\":\"BreadcrumbList\",\"@id\":\"https:\\\/\\\/www.4ksummit.com\\\/es\\\/uhd-spain-rendira-homenaje-a-ricardo-medina-y-jose-manuel-menendez-figuras-clave-del-sector-audiovisual-y-de-la-uhd-en-la-4k-hdr-summit-2025\\\/#breadcrumb\",\"itemListElement\":[{\"@type\":\"ListItem\",\"position\":1,\"name\":\"Portada\",\"item\":\"https:\\\/\\\/www.4ksummit.com\\\/es\\\/\"},{\"@type\":\"ListItem\",\"position\":2,\"name\":\"UHD Spain rendir\u00e1 homenaje a Ricardo Medina y Jos\u00e9 Manuel Men\u00e9ndez, figuras clave del sector audiovisual y de la UHD, en la 4K HDR Summit 2025\"}]},{\"@type\":\"WebSite\",\"@id\":\"https:\\\/\\\/www.4ksummit.com\\\/#website\",\"url\":\"https:\\\/\\\/www.4ksummit.com\\\/\",\"name\":\"4K-HDR SUMMIT\",\"description\":\"2018\",\"publisher\":{\"@id\":\"https:\\\/\\\/www.4ksummit.com\\\/#organization\"},\"potentialAction\":[{\"@type\":\"SearchAction\",\"target\":{\"@type\":\"EntryPoint\",\"urlTemplate\":\"https:\\\/\\\/www.4ksummit.com\\\/?s={search_term_string}\"},\"query-input\":{\"@type\":\"PropertyValueSpecification\",\"valueRequired\":true,\"valueName\":\"search_term_string\"}}],\"inLanguage\":\"es\"},{\"@type\":\"Organization\",\"@id\":\"https:\\\/\\\/www.4ksummit.com\\\/#organization\",\"name\":\"4K-UHD SUMMIT\",\"url\":\"https:\\\/\\\/www.4ksummit.com\\\/\",\"logo\":{\"@type\":\"ImageObject\",\"inLanguage\":\"es\",\"@id\":\"https:\\\/\\\/www.4ksummit.com\\\/#\\\/schema\\\/logo\\\/image\\\/\",\"url\":\"https:\\\/\\\/www.4ksummit.com\\\/wp-content\\\/uploads\\\/2020\\\/05\\\/4ksummit.png\",\"contentUrl\":\"https:\\\/\\\/www.4ksummit.com\\\/wp-content\\\/uploads\\\/2020\\\/05\\\/4ksummit.png\",\"width\":600,\"height\":246,\"caption\":\"4K-UHD SUMMIT\"},\"image\":{\"@id\":\"https:\\\/\\\/www.4ksummit.com\\\/#\\\/schema\\\/logo\\\/image\\\/\"}},{\"@type\":\"Person\",\"@id\":\"https:\\\/\\\/www.4ksummit.com\\\/#\\\/schema\\\/person\\\/8b70bbf598435c2dfb4f6b9ffeb0da82\",\"name\":\"Maria Medina\",\"sameAs\":[\"http:\\\/\\\/www.medinamedia.es\"]}]}<\/script>\n<!-- \/ Yoast SEO plugin. -->","yoast_head_json":{"title":"UHD Spain rendir\u00e1 homenaje a Ricardo Medina y Jos\u00e9 Manuel Men\u00e9ndez, figuras clave del sector audiovisual y de la UHD, en la 4K HDR Summit 2025 - 4K-HDR SUMMIT","robots":{"index":"index","follow":"follow","max-snippet":"max-snippet:-1","max-image-preview":"max-image-preview:large","max-video-preview":"max-video-preview:-1"},"canonical":"https:\/\/www.4ksummit.com\/es\/uhd-spain-rendira-homenaje-a-ricardo-medina-y-jose-manuel-menendez-figuras-clave-del-sector-audiovisual-y-de-la-uhd-en-la-4k-hdr-summit-2025\/","og_locale":"es_ES","og_type":"article","og_title":"UHD Spain rendir\u00e1 homenaje a Ricardo Medina y Jos\u00e9 Manuel Men\u00e9ndez, figuras clave del sector audiovisual y de la UHD, en la 4K HDR Summit 2025 - 4K-HDR SUMMIT","og_description":"Ricardo Medina, fundador de Medina Media y UHD Spain, y Jos\u00e9 Manuel Men\u00e9ndez, catedr\u00e1tico de la UPM y director de la C\u00e1tedra RTVE-UPM, recibir\u00e1n un emotivo reconocimiento p\u00f3stumo por su legado en la industria audiovisual. La und\u00e9cima edici\u00f3n de la 4K HDR Summit tendr\u00e1 lugar del 11 al 14 de noviembre, con dos jornadas presenciales [&hellip;]","og_url":"https:\/\/www.4ksummit.com\/es\/uhd-spain-rendira-homenaje-a-ricardo-medina-y-jose-manuel-menendez-figuras-clave-del-sector-audiovisual-y-de-la-uhd-en-la-4k-hdr-summit-2025\/","og_site_name":"4K-HDR SUMMIT","article_published_time":"2025-10-21T09:41:00+00:00","article_modified_time":"2025-10-27T13:03:05+00:00","og_image":[{"width":1024,"height":684,"url":"https:\/\/www.4ksummit.com\/wp-content\/uploads\/2025\/10\/Ricardo-Medina-y-Jose-Manuel-Menendez.jpg","type":"image\/jpeg"}],"author":"Maria Medina","twitter_card":"summary_large_image","twitter_misc":{"Escrito por":"Maria Medina","Tiempo de lectura":"6 minutos"},"schema":{"@context":"https:\/\/schema.org","@graph":[{"@type":"Article","@id":"https:\/\/www.4ksummit.com\/es\/uhd-spain-rendira-homenaje-a-ricardo-medina-y-jose-manuel-menendez-figuras-clave-del-sector-audiovisual-y-de-la-uhd-en-la-4k-hdr-summit-2025\/#article","isPartOf":{"@id":"https:\/\/www.4ksummit.com\/es\/uhd-spain-rendira-homenaje-a-ricardo-medina-y-jose-manuel-menendez-figuras-clave-del-sector-audiovisual-y-de-la-uhd-en-la-4k-hdr-summit-2025\/"},"author":{"name":"Maria Medina","@id":"https:\/\/www.4ksummit.com\/#\/schema\/person\/8b70bbf598435c2dfb4f6b9ffeb0da82"},"headline":"UHD Spain rendir\u00e1 homenaje a Ricardo Medina y Jos\u00e9 Manuel Men\u00e9ndez, figuras clave del sector audiovisual y de la UHD, en la 4K HDR Summit 2025","datePublished":"2025-10-21T09:41:00+00:00","dateModified":"2025-10-27T13:03:05+00:00","mainEntityOfPage":{"@id":"https:\/\/www.4ksummit.com\/es\/uhd-spain-rendira-homenaje-a-ricardo-medina-y-jose-manuel-menendez-figuras-clave-del-sector-audiovisual-y-de-la-uhd-en-la-4k-hdr-summit-2025\/"},"wordCount":1304,"publisher":{"@id":"https:\/\/www.4ksummit.com\/#organization"},"image":{"@id":"https:\/\/www.4ksummit.com\/es\/uhd-spain-rendira-homenaje-a-ricardo-medina-y-jose-manuel-menendez-figuras-clave-del-sector-audiovisual-y-de-la-uhd-en-la-4k-hdr-summit-2025\/#primaryimage"},"thumbnailUrl":"https:\/\/www.4ksummit.com\/wp-content\/uploads\/2025\/10\/Ricardo-Medina-y-Jose-Manuel-Menendez.jpg","articleSection":["4k Spain"],"inLanguage":"es"},{"@type":"WebPage","@id":"https:\/\/www.4ksummit.com\/es\/uhd-spain-rendira-homenaje-a-ricardo-medina-y-jose-manuel-menendez-figuras-clave-del-sector-audiovisual-y-de-la-uhd-en-la-4k-hdr-summit-2025\/","url":"https:\/\/www.4ksummit.com\/es\/uhd-spain-rendira-homenaje-a-ricardo-medina-y-jose-manuel-menendez-figuras-clave-del-sector-audiovisual-y-de-la-uhd-en-la-4k-hdr-summit-2025\/","name":"UHD Spain rendir\u00e1 homenaje a Ricardo Medina y Jos\u00e9 Manuel Men\u00e9ndez, figuras clave del sector audiovisual y de la UHD, en la 4K HDR Summit 2025 - 4K-HDR SUMMIT","isPartOf":{"@id":"https:\/\/www.4ksummit.com\/#website"},"primaryImageOfPage":{"@id":"https:\/\/www.4ksummit.com\/es\/uhd-spain-rendira-homenaje-a-ricardo-medina-y-jose-manuel-menendez-figuras-clave-del-sector-audiovisual-y-de-la-uhd-en-la-4k-hdr-summit-2025\/#primaryimage"},"image":{"@id":"https:\/\/www.4ksummit.com\/es\/uhd-spain-rendira-homenaje-a-ricardo-medina-y-jose-manuel-menendez-figuras-clave-del-sector-audiovisual-y-de-la-uhd-en-la-4k-hdr-summit-2025\/#primaryimage"},"thumbnailUrl":"https:\/\/www.4ksummit.com\/wp-content\/uploads\/2025\/10\/Ricardo-Medina-y-Jose-Manuel-Menendez.jpg","datePublished":"2025-10-21T09:41:00+00:00","dateModified":"2025-10-27T13:03:05+00:00","breadcrumb":{"@id":"https:\/\/www.4ksummit.com\/es\/uhd-spain-rendira-homenaje-a-ricardo-medina-y-jose-manuel-menendez-figuras-clave-del-sector-audiovisual-y-de-la-uhd-en-la-4k-hdr-summit-2025\/#breadcrumb"},"inLanguage":"es","potentialAction":[{"@type":"ReadAction","target":["https:\/\/www.4ksummit.com\/es\/uhd-spain-rendira-homenaje-a-ricardo-medina-y-jose-manuel-menendez-figuras-clave-del-sector-audiovisual-y-de-la-uhd-en-la-4k-hdr-summit-2025\/"]}]},{"@type":"ImageObject","inLanguage":"es","@id":"https:\/\/www.4ksummit.com\/es\/uhd-spain-rendira-homenaje-a-ricardo-medina-y-jose-manuel-menendez-figuras-clave-del-sector-audiovisual-y-de-la-uhd-en-la-4k-hdr-summit-2025\/#primaryimage","url":"https:\/\/www.4ksummit.com\/wp-content\/uploads\/2025\/10\/Ricardo-Medina-y-Jose-Manuel-Menendez.jpg","contentUrl":"https:\/\/www.4ksummit.com\/wp-content\/uploads\/2025\/10\/Ricardo-Medina-y-Jose-Manuel-Menendez.jpg","width":1024,"height":684},{"@type":"BreadcrumbList","@id":"https:\/\/www.4ksummit.com\/es\/uhd-spain-rendira-homenaje-a-ricardo-medina-y-jose-manuel-menendez-figuras-clave-del-sector-audiovisual-y-de-la-uhd-en-la-4k-hdr-summit-2025\/#breadcrumb","itemListElement":[{"@type":"ListItem","position":1,"name":"Portada","item":"https:\/\/www.4ksummit.com\/es\/"},{"@type":"ListItem","position":2,"name":"UHD Spain rendir\u00e1 homenaje a Ricardo Medina y Jos\u00e9 Manuel Men\u00e9ndez, figuras clave del sector audiovisual y de la UHD, en la 4K HDR Summit 2025"}]},{"@type":"WebSite","@id":"https:\/\/www.4ksummit.com\/#website","url":"https:\/\/www.4ksummit.com\/","name":"4K-HDR SUMMIT","description":"2018","publisher":{"@id":"https:\/\/www.4ksummit.com\/#organization"},"potentialAction":[{"@type":"SearchAction","target":{"@type":"EntryPoint","urlTemplate":"https:\/\/www.4ksummit.com\/?s={search_term_string}"},"query-input":{"@type":"PropertyValueSpecification","valueRequired":true,"valueName":"search_term_string"}}],"inLanguage":"es"},{"@type":"Organization","@id":"https:\/\/www.4ksummit.com\/#organization","name":"4K-UHD SUMMIT","url":"https:\/\/www.4ksummit.com\/","logo":{"@type":"ImageObject","inLanguage":"es","@id":"https:\/\/www.4ksummit.com\/#\/schema\/logo\/image\/","url":"https:\/\/www.4ksummit.com\/wp-content\/uploads\/2020\/05\/4ksummit.png","contentUrl":"https:\/\/www.4ksummit.com\/wp-content\/uploads\/2020\/05\/4ksummit.png","width":600,"height":246,"caption":"4K-UHD SUMMIT"},"image":{"@id":"https:\/\/www.4ksummit.com\/#\/schema\/logo\/image\/"}},{"@type":"Person","@id":"https:\/\/www.4ksummit.com\/#\/schema\/person\/8b70bbf598435c2dfb4f6b9ffeb0da82","name":"Maria Medina","sameAs":["http:\/\/www.medinamedia.es"]}]}},"_links":{"self":[{"href":"https:\/\/www.4ksummit.com\/es\/wp-json\/wp\/v2\/posts\/36058","targetHints":{"allow":["GET"]}}],"collection":[{"href":"https:\/\/www.4ksummit.com\/es\/wp-json\/wp\/v2\/posts"}],"about":[{"href":"https:\/\/www.4ksummit.com\/es\/wp-json\/wp\/v2\/types\/post"}],"author":[{"embeddable":true,"href":"https:\/\/www.4ksummit.com\/es\/wp-json\/wp\/v2\/users\/2"}],"replies":[{"embeddable":true,"href":"https:\/\/www.4ksummit.com\/es\/wp-json\/wp\/v2\/comments?post=36058"}],"version-history":[{"count":3,"href":"https:\/\/www.4ksummit.com\/es\/wp-json\/wp\/v2\/posts\/36058\/revisions"}],"predecessor-version":[{"id":36157,"href":"https:\/\/www.4ksummit.com\/es\/wp-json\/wp\/v2\/posts\/36058\/revisions\/36157"}],"wp:featuredmedia":[{"embeddable":true,"href":"https:\/\/www.4ksummit.com\/es\/wp-json\/wp\/v2\/media\/36052"}],"wp:attachment":[{"href":"https:\/\/www.4ksummit.com\/es\/wp-json\/wp\/v2\/media?parent=36058"}],"wp:term":[{"taxonomy":"category","embeddable":true,"href":"https:\/\/www.4ksummit.com\/es\/wp-json\/wp\/v2\/categories?post=36058"},{"taxonomy":"post_tag","embeddable":true,"href":"https:\/\/www.4ksummit.com\/es\/wp-json\/wp\/v2\/tags?post=36058"}],"curies":[{"name":"wp","href":"https:\/\/api.w.org\/{rel}","templated":true}]}}