{"id":35904,"date":"2025-10-16T13:09:57","date_gmt":"2025-10-16T11:09:57","guid":{"rendered":"https:\/\/www.4ksummit.com\/a-top-level-agenda-will-be-on-the-cards-at-the-4k-hdr-summit-2025\/"},"modified":"2025-10-27T14:01:55","modified_gmt":"2025-10-27T13:01:55","slug":"una-agenda-de-primer-nivel-se-dara-cita-en-la-4k-hdr-summit-2025","status":"publish","type":"post","link":"https:\/\/www.4ksummit.com\/es\/una-agenda-de-primer-nivel-se-dara-cita-en-la-4k-hdr-summit-2025\/","title":{"rendered":"Una agenda de primer nivel se dar\u00e1 cita en la 4K HDR Summit 2025"},"content":{"rendered":"<ul>\n<li><strong>La und\u00e9cima edici\u00f3n de la 4K HDR Summit tendr\u00e1 lugar del 11 al 14 de noviembre, con dos jornadas presenciales (martes 11 y mi\u00e9rcoles 12) en el Auditorio Cartuja -gestionado por Yventu- de Sevilla TechPark y otras dos virtuales.<\/strong><\/li>\n<li><strong>M\u00e1s de 70 expertos en Ultra Alta Definici\u00f3n participar\u00e1n en este foro que contar\u00e1 con la participaci\u00f3n de 20 pa\u00edses y el respaldo de m\u00e1s de una treintena de patrocinadores con un total de 86 representantes, entre instituciones, organismos, asociaciones y empresas privadas.<\/strong><\/li>\n<\/ul>\n<p>&nbsp;<\/p>\n<p>La und\u00e9cima edici\u00f3n de la <strong>4K HDR Summit<\/strong> reunir\u00e1, <strong>del 11 al 14 de noviembre<\/strong> en el <strong>Auditorio Cartuja -gestionado por Yventu- de Sevilla TechPark<\/strong>, a la \u00e9lite mundial de la tecnolog\u00eda audiovisual y la Ultra Alta Definici\u00f3n (UHD). A lo largo de dos jornadas presenciales (martes 11 y mi\u00e9rcoles 12) y otras dos virtuales (jueves 13 y viernes 14), <strong>m\u00e1s de 70 expertos<\/strong> en 4K participar\u00e1n en el \u00fanico congreso que une a los l\u00edderes en tecnolog\u00eda y en contenidos audiovisuales a nivel mundial.<\/p>\n<p>Con la <strong>participaci\u00f3n de 20 pa\u00edses<\/strong> y el <strong>respaldo de 30 patrocinadores<\/strong>, el evento consolida su posici\u00f3n como el principal encuentro internacional sobre innovaci\u00f3n en 4K, 8K y HDR a nivel mundial. En total, <strong>m\u00e1s de 90 representantes<\/strong> \u2014entre instituciones, organismos, asociaciones y empresas privadas\u2014 conforman una <strong>agenda de primer nivel<\/strong> que refleja la dimensi\u00f3n global del encuentro.<\/p>\n<p>&nbsp;<\/p>\n<p><strong>Espa\u00f1a, l\u00edder mundial en el impulso de la UHD<\/strong><\/p>\n<p>La und\u00e9cima edici\u00f3n de la 4K HDR Summit tendr\u00e1 un <strong>claro protagonismo de Espa\u00f1a<\/strong> pues ser\u00e1n m\u00e1s de 16 entidades nacionales las que participar\u00e1n en el congreso \u201cdonde la tecnolog\u00eda y los contenidos tienen tiempo de hablar\u201d. El <strong>Ministerio para la Transformaci\u00f3n Digital y de la Funci\u00f3n P\u00fablica<\/strong>, la asociaci\u00f3n <strong>UHD Spain<\/strong>, <strong>Radio Televisi\u00f3n Espa\u00f1ola<\/strong>, la FORTA, Canal Sur, Televisi\u00f3n de Galicia, EiTB, Telemadrid, Atresmedia y Telef\u00f3nica entre otros, compartir\u00e1n todas las novedades y avances en torno a una industria en la que Espa\u00f1a es l\u00edder mundial.<\/p>\n<p>En los \u00faltimos meses <strong>Espa\u00f1a<\/strong> ha confirmado su <strong>liderazgo en Europa y el mundo<\/strong> en Ultra Alta Definici\u00f3n (UHD) transmitida por Televisi\u00f3n Digital Terrestre (TDT) con el <strong>nuevo Plan T\u00e9cnico Nacional de la TDT aprobado en marzo de 2025<\/strong> que garantiza que los ciudadanos puedan acceder a una experiencia televisiva de m\u00e1xima calidad y gratuita.<strong> Mat\u00edas Gonz\u00e1lez, Secretario General de Telecomunicaciones<\/strong>, y <strong>Julia Criado, Subdirectora de Planificaci\u00f3n y Gesti\u00f3n del Espectro Radioel\u00e9ctrico<\/strong>, compartir\u00e1n durante la jornada inaugural la evoluci\u00f3n y los planes de futuro para aumentar a\u00fan m\u00e1s esta posici\u00f3n a la vanguardia de la industria audiovisual.<\/p>\n<p><img loading=\"lazy\" decoding=\"async\" class=\"alignnone size-large wp-image-31632\" src=\"https:\/\/www.4ksummit.com\/wp-content\/uploads\/2024\/11\/Imagen-de-WhatsApp-2024-11-11-a-las-13.01.03_c8ca1b5a-1024x684.jpg\" alt=\"\" width=\"1024\" height=\"684\" srcset=\"https:\/\/www.4ksummit.com\/wp-content\/uploads\/2024\/11\/Imagen-de-WhatsApp-2024-11-11-a-las-13.01.03_c8ca1b5a-1024x684.jpg 1024w, https:\/\/www.4ksummit.com\/wp-content\/uploads\/2024\/11\/Imagen-de-WhatsApp-2024-11-11-a-las-13.01.03_c8ca1b5a-300x200.jpg 300w, https:\/\/www.4ksummit.com\/wp-content\/uploads\/2024\/11\/Imagen-de-WhatsApp-2024-11-11-a-las-13.01.03_c8ca1b5a-768x513.jpg 768w, https:\/\/www.4ksummit.com\/wp-content\/uploads\/2024\/11\/Imagen-de-WhatsApp-2024-11-11-a-las-13.01.03_c8ca1b5a-1536x1027.jpg 1536w, https:\/\/www.4ksummit.com\/wp-content\/uploads\/2024\/11\/Imagen-de-WhatsApp-2024-11-11-a-las-13.01.03_c8ca1b5a.jpg 1616w\" sizes=\"(max-width: 1024px) 100vw, 1024px\" \/><\/p>\n<p><strong><em>Mat\u00edas Gonz\u00e1lez, Secretario General de Telecomunicaciones del\u00a0Ministerio para la Transformaci\u00f3n Digital y de la Funci\u00f3n P\u00fablica, durante la d\u00e9cima edici\u00f3n de la 4K HDR Summit celebrada en 2024.<\/em><\/strong><\/p>\n<p>En la jornada de apertura de la 4K HDR Summit, tambi\u00e9n participar\u00e1n <strong>V\u00edctor S\u00e1nchez, <\/strong>Director de Medios y Operaciones de <strong>TVE <\/strong>y presidente de <strong>UHD Spain<\/strong>; y <strong>Javier S\u00e1nchez, <\/strong>Director de \u00c1rea Pol\u00edtica Audiovisual y Servicio P\u00fablico de <strong>RTVE<\/strong>. El radiodifusor espa\u00f1ol se coloc\u00f3 en febrero de 2024 a la vanguardia de la Ultra Alta Definici\u00f3n al convertir <strong>La 1 de TVE<\/strong> en el <strong>primer canal de la TDT en el mundo en iniciar emisiones regulares en UHD<\/strong>, un hito que fue anunciado en 2023 en este mismo foro.<\/p>\n<p>Durante la und\u00e9cima edici\u00f3n de la 4K HDR Summit participar\u00e1n m\u00e1s de una decena de canales a nivel auton\u00f3mico, nacional e internacional. Entre ellos, la televisi\u00f3n p\u00fablica andaluza con la presencia de <strong>Rafael Porras<\/strong>, presidente de <strong>RTVA,<\/strong> <strong>Juande Mellado, <\/strong>Director General de la<strong> RTVA<\/strong>, y <strong>Juanma Blanco Poley,<\/strong> Director de <strong>Canal Sur Media<\/strong>, quien hablar\u00e1 de la apuesta de <strong>CanalSur M\u00e1s, <\/strong>la plataforma de televisi\u00f3n a la carta, por la televisi\u00f3n segmentada. Durante la jornada inaugural tambi\u00e9n participar\u00e1n <strong>Pablo Rodr\u00edguez de Tembleque<\/strong>, Sales Director de <strong>Appear<\/strong> junto con <strong>Jos\u00e9 Luis Garc\u00eda Cabrera<\/strong>, Broadcast &amp; Media Manager en <strong>Telef\u00f3nica Servicios Audiovisuales<\/strong>, quienes compartir\u00e1n casos de uso de Ultra Alta Definici\u00f3n. Tambi\u00e9n estar\u00e1n presentes representantes de <strong>UHD Spain, SES, Axi\u00f3n y el Ayuntamiento de Sevilla<\/strong>.<\/p>\n<p>&nbsp;<\/p>\n<p><strong>Alcance internacional de una cumbre consolidada como referencia<\/strong><\/p>\n<p>La cita contar\u00e1 tambi\u00e9n con la presencia de <strong>26 entidades internacionales<\/strong>, entre ellas las <strong>cuatro grandes asociaciones mundiales de la Ultra Alta Definici\u00f3n<\/strong>. Una edici\u00f3n m\u00e1s, la <strong>UHD World Association<\/strong>, la <strong>UHD Alliance<\/strong>, el <strong>UltraHD Forum<\/strong> y la <strong>8K Association<\/strong>, que <strong>representan a un total de 430 empresas y entidades de todo el planeta<\/strong>, desgranar\u00e1n el presente y el futuro de la tecnolog\u00eda 4K y 8K a nivel mundial.<\/p>\n<p><strong>R\u00e9mi Tereszkiewicz, <\/strong>CMO en Europa de la <strong>UHD World Association<\/strong>, hablar\u00e1 durante la segunda jornada presencial del HDR Vivid y Audio Vivid, historias de \u00e9xito y oportunidades en Europa, mientras que <strong>Ian Nock<\/strong>, Presidente del Grupo de Trabajo de Interoperabilidad en el <strong>UltraHD Forum<\/strong>, participar\u00e1 en la tercera jornada de la cumbre. La cuarta jornada de la 4K HDR Summit, dedicada a los presidentes, contar\u00e1 con la presencia de <strong>Bill Baggelaar<\/strong>, Presidente de la <strong>UHD Alliance<\/strong>; y <strong>Juan Reyes<\/strong>, Director de Operaciones de la<strong> 8K Association<\/strong>; as\u00ed como representantes del UltraHD Forum.<\/p>\n<p>Dentro de la agenda de primer nivel de la 4K HDR Summit se encuentran varios representantes de la <strong>European Broadcasting Union (EBU)<\/strong>, que se encuentra precisamente en la celebraci\u00f3n de su 75 aniversario. <strong>Jacques Donat-Bouillud<\/strong>, Director de <strong>France T\u00e9l\u00e9visions<\/strong>, y <strong>Tonio Di Stefano,<\/strong> Director de Redes y Plataformas de la <strong>Rai<\/strong> y Presidente de <strong>UltraHD Forum Italia<\/strong>, se compartir\u00e1n panel con <strong>V\u00edctor S\u00e1nchez<\/strong>, Director de Medios y Operaciones de <strong>TVE<\/strong>, en una jornada en la que participar\u00e1 <strong>\u00c1ngel Garc\u00eda Castillejo<\/strong>, Vicepresidente de la <strong>Comisi\u00f3n Nacional de los Mercados y la Competencia (CNMC)<\/strong>.<\/p>\n<p><img loading=\"lazy\" decoding=\"async\" class=\"alignnone size-large wp-image-35294\" src=\"https:\/\/www.4ksummit.com\/wp-content\/uploads\/2025\/09\/Victor-Sanchez-4KS24-1024x684.jpg\" alt=\"\" width=\"1024\" height=\"684\" srcset=\"https:\/\/www.4ksummit.com\/wp-content\/uploads\/2025\/09\/Victor-Sanchez-4KS24-1024x684.jpg 1024w, https:\/\/www.4ksummit.com\/wp-content\/uploads\/2025\/09\/Victor-Sanchez-4KS24-300x200.jpg 300w, https:\/\/www.4ksummit.com\/wp-content\/uploads\/2025\/09\/Victor-Sanchez-4KS24-768x513.jpg 768w, https:\/\/www.4ksummit.com\/wp-content\/uploads\/2025\/09\/Victor-Sanchez-4KS24-1536x1025.jpg 1536w, https:\/\/www.4ksummit.com\/wp-content\/uploads\/2025\/09\/Victor-Sanchez-4KS24.jpg 2048w\" sizes=\"(max-width: 1024px) 100vw, 1024px\" \/><\/p>\n<p><strong><em>V\u00edctor S\u00e1nchez, Director de Medios y Operaciones de TVE y presidente de UHD Spain,\u00a0durante la d\u00e9cima edici\u00f3n de la 4K HDR Summit celebrada en 2024.<\/em><\/strong><\/p>\n<p>La segunda jornada presencial de la 4K HDR Summit tambi\u00e9n contar\u00e1 con la participaci\u00f3n de <strong>Cristiano Benzi<\/strong>, SVP Video Products de <strong>Eutelsat<\/strong>; <strong>Marta P\u00e9rez<\/strong>, Broadcast &amp; Media Project Engineer en <strong>Aicox<\/strong>, que presentar\u00e1 junto a <strong>Fabio Clabot<\/strong>, CEO de <strong>Small Pixels<\/strong>, la nueva frontera de la distribuci\u00f3n de televisi\u00f3n abierta; y <strong>Jordi Joaquim<\/strong>, Gerente de Distribuci\u00f3n en Espa\u00f1a y Portugal de <strong>AJA<\/strong>.<\/p>\n<p><strong>Jorge de la Nuez<\/strong>, Jefe de Tecnolog\u00eda y Operaciones de los <strong>Servicios del Canal Ol\u00edmpico<\/strong>, expondr\u00e1 los retos de gesti\u00f3n documental, tratamiento, creaci\u00f3n y publicaci\u00f3n de contenido UHD para una plataforma digital. Por su parte, <strong>Jatin Dev<\/strong>, Jefe S\u00e9nior de Asociaciones y Ventas Globales de <strong>Google<\/strong>, compartir\u00e1 un manual para monetizar los deportes en directo Premium de emisi\u00f3n gratuita y participar\u00e1 en el panel \u2018Distribuci\u00f3n de eventos deportivos en directo: satisfacer las expectativas de los aficionados y asegurar el valor\u2019 moderado por Ateme. La segunda jornada\u00a0 tambi\u00e9n contar\u00e1 con la presencia de representantes de <strong>Elecard y Lawo.<\/strong><\/p>\n<p>&nbsp;<\/p>\n<p><strong>El futuro de la UHD se define en Sevilla<\/strong><\/p>\n<p>Durante la tercera jornada de la 4K HDR Summit participar\u00e1n <strong>Jorge Rodr\u00edguez,<\/strong> Jefe de Producto y Marketing de <strong>Hispasat<\/strong>, que hablar\u00e1 del presente y futuro de la UHD en Espa\u00f1a; <strong>Xavi Red\u00f3n, <\/strong>Product Manager de<strong> Cellnex<\/strong>; <strong>Manuel \u00c1ngel \u00c1lvarez, <\/strong>Gerente t\u00e9cnico de ventas regional en LATAM y Europa de<strong> Gsertel<\/strong>; y <strong>Aron Randhawa, <\/strong>Especialista Senior en Marketing de Productos de <strong>Canon<\/strong>.<\/p>\n<p>Tambi\u00e9n participar\u00e1n <strong>Jan de Cock, <\/strong>Director Codec Development de <strong>Synamedia<\/strong>; <strong>Tetsuya Hayashida, <\/strong>Principal Research Engineer de la<strong> NHK<\/strong>; <strong>Carlos Cosme, <\/strong>Innovation Specialist en<strong> Globo<\/strong>. Adem\u00e1s, estar\u00e1n presentes <strong>Nuno Duarte<\/strong>, Dise\u00f1ador de Sonido y Gerente de <strong>Audio del Olympic Broadcast Services<\/strong>; <strong>Benjamin Schwarz<\/strong>, COO de <strong>Greening of Streaming<\/strong>; y <strong>Frans de Jong<\/strong>, ingeniero s\u00e9nior de la Unidad de Fundamentos de los medios de comunicaci\u00f3n y tecnolog\u00eda de producci\u00f3n de la <strong>European Broadcasting Union<\/strong>.<\/p>\n<p><img loading=\"lazy\" decoding=\"async\" class=\"alignnone size-large wp-image-31875\" src=\"https:\/\/www.4ksummit.com\/wp-content\/uploads\/2024\/11\/54139316126_5a1be0d7ff_k-1024x683.jpg\" alt=\"\" width=\"1024\" height=\"683\" srcset=\"https:\/\/www.4ksummit.com\/wp-content\/uploads\/2024\/11\/54139316126_5a1be0d7ff_k-1024x683.jpg 1024w, https:\/\/www.4ksummit.com\/wp-content\/uploads\/2024\/11\/54139316126_5a1be0d7ff_k-300x200.jpg 300w, https:\/\/www.4ksummit.com\/wp-content\/uploads\/2024\/11\/54139316126_5a1be0d7ff_k-768x512.jpg 768w, https:\/\/www.4ksummit.com\/wp-content\/uploads\/2024\/11\/54139316126_5a1be0d7ff_k-1536x1024.jpg 1536w, https:\/\/www.4ksummit.com\/wp-content\/uploads\/2024\/11\/54139316126_5a1be0d7ff_k.jpg 2048w\" sizes=\"(max-width: 1024px) 100vw, 1024px\" \/><\/p>\n<p>La cuarta y \u00faltima jornada participar\u00e1n los presidentes de las principales asociaciones de la Ultra Alta Definici\u00f3n a nivel mundial y tambi\u00e9n <strong>Olivier Chiabodo, <\/strong>CEO de<strong> The Explorers<\/strong>; <strong>Prasant Chotanhi, <\/strong>CEO y fundador de <strong>Travelxp<\/strong>; y <strong>Karlos Sim\u00f3n, <\/strong>CEO de Karlos Sim\u00f3n Viajes y Expediciones.<\/p>\n<p>&nbsp;<\/p>\n<p><strong>Talento femenino en la industria Audiovisual<\/strong><\/p>\n<p><strong>Esta XI edici\u00f3n<\/strong> de la 4K HDR Summit reservar\u00e1 un <strong>espacio al talento femenino<\/strong>. La cumbre se cerrar\u00e1 con la participaci\u00f3n de mujeres l\u00edderes y referentes en el sector. <strong>Cisco Systems<\/strong>, empresa global con sede en California (Estados Unidos), participar\u00e1 con un <strong>slot sobre el empoderamiento de las mujeres en la industria tecnol\u00f3gica<\/strong> en el que se pondr\u00e1 valor a las mujeres que trabajan en redes, ciberseguridad, TI y STEM para que se apoyen mutuamente y ayuden a cerrar la brecha de g\u00e9nero en el sector tecnol\u00f3gico que existe hoy en d\u00eda.<\/p>\n<p>Adem\u00e1s, contaremos con <strong>Johanna Rueda<\/strong>, Gerente T\u00e9cnico de <strong>Caracol Televisi\u00f3n<\/strong>; <strong>\u00darsula Romero<\/strong>, CEO de International <strong>Sports Broadcasting (ISB)<\/strong>; <strong>Pilar Crespo<\/strong>, Presidenta de la Junta Directiva de la <strong>Asociaci\u00f3n Andaluza de Mujeres de los Medios Audiovisuales (AAMMA)<\/strong> y Productora de <strong>Magnetika Producciones<\/strong>; e <strong>Irantzu D\u00edez-Gamboa<\/strong>, CEO regional en Norteam\u00e9rica de <strong>Grup Mediapro<\/strong>.<\/p>\n<p>En total <strong>m\u00e1s de 90 representantes<\/strong> entre instituciones, organismos, asociaciones y empresas privadas (desde operadores hasta servicios de infraestructuras) completan un programa diverso y de alto valor estrat\u00e9gico que ofrecer\u00e1 ponencias, demostraciones tecnol\u00f3gicas y mesas redondas donde se debatir\u00e1n las \u00faltimas tendencias del sector y consolidando a Sevilla como epicentro mundial de la innovaci\u00f3n audiovisual.<\/p>\n<p>La <strong>4K HDR Summit 2025<\/strong>, \u201cDonde la tecnolog\u00eda y los contenidos tienen tiempo de hablar\u201d, est\u00e1 organizada por Medina Media Events y cuenta con el apoyo de RTVE, Appear, Ateme, RTVA, Elecard, AJA, Axion, Aicox con Small Pixels, Google, UWA, Lawo, SES, Synamedia, Rohde &amp; Schwarz, Eutelsat, Gsertel, CISCO, Vestel, Toshiba, JVC, Daewoo, Canon, Cellnex, Hispasat, Alfalite, Netgear, Mome, Datos Media, Sapec, AEQ y Avixa, entre otros.<\/p>\n<p>Todas las ponencias estar\u00e1n disponibles para su visionado a la carta a trav\u00e9s de <a href=\"https:\/\/www.thenewtechobservatory.com\/inicio.aspx\"><strong>\u2018El Observatorio\u2019<\/strong><\/a>, la plataforma digital de Medina Media Events, donde cada intervenci\u00f3n estar\u00e1 disponible 24 horas los 365 d\u00edas del a\u00f1o de forma gratuita.<\/p>\n","protected":false},"excerpt":{"rendered":"<p>La und\u00e9cima edici\u00f3n de la 4K HDR Summit tendr\u00e1 lugar del 11 al 14 de noviembre, con dos jornadas presenciales (martes 11 y mi\u00e9rcoles 12) en el Auditorio Cartuja -gestionado por Yventu- de Sevilla TechPark y otras dos virtuales. M\u00e1s de 70 expertos en Ultra Alta Definici\u00f3n participar\u00e1n en este foro que contar\u00e1 con la [&hellip;]<\/p>\n","protected":false},"author":2,"featured_media":34002,"comment_status":"closed","ping_status":"closed","sticky":false,"template":"","format":"standard","meta":{"_acf_changed":false,"footnotes":""},"categories":[169],"tags":[],"class_list":["post-35904","post","type-post","status-publish","format-standard","has-post-thumbnail","hentry","category-4k-international"],"acf":[],"yoast_head":"<!-- This site is optimized with the Yoast SEO plugin v27.5 - https:\/\/yoast.com\/product\/yoast-seo-wordpress\/ -->\n<title>Una agenda de primer nivel se dar\u00e1 cita en la 4K HDR Summit 2025 - 4K-HDR SUMMIT<\/title>\n<meta name=\"robots\" content=\"index, follow, max-snippet:-1, max-image-preview:large, max-video-preview:-1\" \/>\n<link rel=\"canonical\" href=\"https:\/\/www.4ksummit.com\/es\/una-agenda-de-primer-nivel-se-dara-cita-en-la-4k-hdr-summit-2025\/\" \/>\n<meta property=\"og:locale\" content=\"es_ES\" \/>\n<meta property=\"og:type\" content=\"article\" \/>\n<meta property=\"og:title\" content=\"Una agenda de primer nivel se dar\u00e1 cita en la 4K HDR Summit 2025 - 4K-HDR SUMMIT\" \/>\n<meta property=\"og:description\" content=\"La und\u00e9cima edici\u00f3n de la 4K HDR Summit tendr\u00e1 lugar del 11 al 14 de noviembre, con dos jornadas presenciales (martes 11 y mi\u00e9rcoles 12) en el Auditorio Cartuja -gestionado por Yventu- de Sevilla TechPark y otras dos virtuales. M\u00e1s de 70 expertos en Ultra Alta Definici\u00f3n participar\u00e1n en este foro que contar\u00e1 con la [&hellip;]\" \/>\n<meta property=\"og:url\" content=\"https:\/\/www.4ksummit.com\/es\/una-agenda-de-primer-nivel-se-dara-cita-en-la-4k-hdr-summit-2025\/\" \/>\n<meta property=\"og:site_name\" content=\"4K-HDR SUMMIT\" \/>\n<meta property=\"article:published_time\" content=\"2025-10-16T11:09:57+00:00\" \/>\n<meta property=\"article:modified_time\" content=\"2025-10-27T13:01:55+00:00\" \/>\n<meta property=\"og:image\" content=\"https:\/\/www.4ksummit.com\/wp-content\/uploads\/2025\/06\/54139640354_5619e13210_b.jpg\" \/>\n\t<meta property=\"og:image:width\" content=\"1024\" \/>\n\t<meta property=\"og:image:height\" content=\"768\" \/>\n\t<meta property=\"og:image:type\" content=\"image\/jpeg\" \/>\n<meta name=\"author\" content=\"Maria Medina\" \/>\n<meta name=\"twitter:card\" content=\"summary_large_image\" \/>\n<meta name=\"twitter:label1\" content=\"Escrito por\" \/>\n\t<meta name=\"twitter:data1\" content=\"Maria Medina\" \/>\n\t<meta name=\"twitter:label2\" content=\"Tiempo de lectura\" \/>\n\t<meta name=\"twitter:data2\" content=\"8 minutos\" \/>\n<script type=\"application\/ld+json\" class=\"yoast-schema-graph\">{\"@context\":\"https:\\\/\\\/schema.org\",\"@graph\":[{\"@type\":\"Article\",\"@id\":\"https:\\\/\\\/www.4ksummit.com\\\/es\\\/una-agenda-de-primer-nivel-se-dara-cita-en-la-4k-hdr-summit-2025\\\/#article\",\"isPartOf\":{\"@id\":\"https:\\\/\\\/www.4ksummit.com\\\/es\\\/una-agenda-de-primer-nivel-se-dara-cita-en-la-4k-hdr-summit-2025\\\/\"},\"author\":{\"name\":\"Maria Medina\",\"@id\":\"https:\\\/\\\/www.4ksummit.com\\\/#\\\/schema\\\/person\\\/8b70bbf598435c2dfb4f6b9ffeb0da82\"},\"headline\":\"Una agenda de primer nivel se dar\u00e1 cita en la 4K HDR Summit 2025\",\"datePublished\":\"2025-10-16T11:09:57+00:00\",\"dateModified\":\"2025-10-27T13:01:55+00:00\",\"mainEntityOfPage\":{\"@id\":\"https:\\\/\\\/www.4ksummit.com\\\/es\\\/una-agenda-de-primer-nivel-se-dara-cita-en-la-4k-hdr-summit-2025\\\/\"},\"wordCount\":1761,\"publisher\":{\"@id\":\"https:\\\/\\\/www.4ksummit.com\\\/#organization\"},\"image\":{\"@id\":\"https:\\\/\\\/www.4ksummit.com\\\/es\\\/una-agenda-de-primer-nivel-se-dara-cita-en-la-4k-hdr-summit-2025\\\/#primaryimage\"},\"thumbnailUrl\":\"https:\\\/\\\/www.4ksummit.com\\\/wp-content\\\/uploads\\\/2025\\\/06\\\/54139640354_5619e13210_b.jpg\",\"articleSection\":[\"4K International\"],\"inLanguage\":\"es\"},{\"@type\":\"WebPage\",\"@id\":\"https:\\\/\\\/www.4ksummit.com\\\/es\\\/una-agenda-de-primer-nivel-se-dara-cita-en-la-4k-hdr-summit-2025\\\/\",\"url\":\"https:\\\/\\\/www.4ksummit.com\\\/es\\\/una-agenda-de-primer-nivel-se-dara-cita-en-la-4k-hdr-summit-2025\\\/\",\"name\":\"Una agenda de primer nivel se dar\u00e1 cita en la 4K HDR Summit 2025 - 4K-HDR SUMMIT\",\"isPartOf\":{\"@id\":\"https:\\\/\\\/www.4ksummit.com\\\/#website\"},\"primaryImageOfPage\":{\"@id\":\"https:\\\/\\\/www.4ksummit.com\\\/es\\\/una-agenda-de-primer-nivel-se-dara-cita-en-la-4k-hdr-summit-2025\\\/#primaryimage\"},\"image\":{\"@id\":\"https:\\\/\\\/www.4ksummit.com\\\/es\\\/una-agenda-de-primer-nivel-se-dara-cita-en-la-4k-hdr-summit-2025\\\/#primaryimage\"},\"thumbnailUrl\":\"https:\\\/\\\/www.4ksummit.com\\\/wp-content\\\/uploads\\\/2025\\\/06\\\/54139640354_5619e13210_b.jpg\",\"datePublished\":\"2025-10-16T11:09:57+00:00\",\"dateModified\":\"2025-10-27T13:01:55+00:00\",\"breadcrumb\":{\"@id\":\"https:\\\/\\\/www.4ksummit.com\\\/es\\\/una-agenda-de-primer-nivel-se-dara-cita-en-la-4k-hdr-summit-2025\\\/#breadcrumb\"},\"inLanguage\":\"es\",\"potentialAction\":[{\"@type\":\"ReadAction\",\"target\":[\"https:\\\/\\\/www.4ksummit.com\\\/es\\\/una-agenda-de-primer-nivel-se-dara-cita-en-la-4k-hdr-summit-2025\\\/\"]}]},{\"@type\":\"ImageObject\",\"inLanguage\":\"es\",\"@id\":\"https:\\\/\\\/www.4ksummit.com\\\/es\\\/una-agenda-de-primer-nivel-se-dara-cita-en-la-4k-hdr-summit-2025\\\/#primaryimage\",\"url\":\"https:\\\/\\\/www.4ksummit.com\\\/wp-content\\\/uploads\\\/2025\\\/06\\\/54139640354_5619e13210_b.jpg\",\"contentUrl\":\"https:\\\/\\\/www.4ksummit.com\\\/wp-content\\\/uploads\\\/2025\\\/06\\\/54139640354_5619e13210_b.jpg\",\"width\":1024,\"height\":768},{\"@type\":\"BreadcrumbList\",\"@id\":\"https:\\\/\\\/www.4ksummit.com\\\/es\\\/una-agenda-de-primer-nivel-se-dara-cita-en-la-4k-hdr-summit-2025\\\/#breadcrumb\",\"itemListElement\":[{\"@type\":\"ListItem\",\"position\":1,\"name\":\"Portada\",\"item\":\"https:\\\/\\\/www.4ksummit.com\\\/es\\\/\"},{\"@type\":\"ListItem\",\"position\":2,\"name\":\"Una agenda de primer nivel se dar\u00e1 cita en la 4K HDR Summit 2025\"}]},{\"@type\":\"WebSite\",\"@id\":\"https:\\\/\\\/www.4ksummit.com\\\/#website\",\"url\":\"https:\\\/\\\/www.4ksummit.com\\\/\",\"name\":\"4K-HDR SUMMIT\",\"description\":\"2018\",\"publisher\":{\"@id\":\"https:\\\/\\\/www.4ksummit.com\\\/#organization\"},\"potentialAction\":[{\"@type\":\"SearchAction\",\"target\":{\"@type\":\"EntryPoint\",\"urlTemplate\":\"https:\\\/\\\/www.4ksummit.com\\\/?s={search_term_string}\"},\"query-input\":{\"@type\":\"PropertyValueSpecification\",\"valueRequired\":true,\"valueName\":\"search_term_string\"}}],\"inLanguage\":\"es\"},{\"@type\":\"Organization\",\"@id\":\"https:\\\/\\\/www.4ksummit.com\\\/#organization\",\"name\":\"4K-UHD SUMMIT\",\"url\":\"https:\\\/\\\/www.4ksummit.com\\\/\",\"logo\":{\"@type\":\"ImageObject\",\"inLanguage\":\"es\",\"@id\":\"https:\\\/\\\/www.4ksummit.com\\\/#\\\/schema\\\/logo\\\/image\\\/\",\"url\":\"https:\\\/\\\/www.4ksummit.com\\\/wp-content\\\/uploads\\\/2020\\\/05\\\/4ksummit.png\",\"contentUrl\":\"https:\\\/\\\/www.4ksummit.com\\\/wp-content\\\/uploads\\\/2020\\\/05\\\/4ksummit.png\",\"width\":600,\"height\":246,\"caption\":\"4K-UHD SUMMIT\"},\"image\":{\"@id\":\"https:\\\/\\\/www.4ksummit.com\\\/#\\\/schema\\\/logo\\\/image\\\/\"}},{\"@type\":\"Person\",\"@id\":\"https:\\\/\\\/www.4ksummit.com\\\/#\\\/schema\\\/person\\\/8b70bbf598435c2dfb4f6b9ffeb0da82\",\"name\":\"Maria Medina\",\"sameAs\":[\"http:\\\/\\\/www.medinamedia.es\"]}]}<\/script>\n<!-- \/ Yoast SEO plugin. -->","yoast_head_json":{"title":"Una agenda de primer nivel se dar\u00e1 cita en la 4K HDR Summit 2025 - 4K-HDR SUMMIT","robots":{"index":"index","follow":"follow","max-snippet":"max-snippet:-1","max-image-preview":"max-image-preview:large","max-video-preview":"max-video-preview:-1"},"canonical":"https:\/\/www.4ksummit.com\/es\/una-agenda-de-primer-nivel-se-dara-cita-en-la-4k-hdr-summit-2025\/","og_locale":"es_ES","og_type":"article","og_title":"Una agenda de primer nivel se dar\u00e1 cita en la 4K HDR Summit 2025 - 4K-HDR SUMMIT","og_description":"La und\u00e9cima edici\u00f3n de la 4K HDR Summit tendr\u00e1 lugar del 11 al 14 de noviembre, con dos jornadas presenciales (martes 11 y mi\u00e9rcoles 12) en el Auditorio Cartuja -gestionado por Yventu- de Sevilla TechPark y otras dos virtuales. M\u00e1s de 70 expertos en Ultra Alta Definici\u00f3n participar\u00e1n en este foro que contar\u00e1 con la [&hellip;]","og_url":"https:\/\/www.4ksummit.com\/es\/una-agenda-de-primer-nivel-se-dara-cita-en-la-4k-hdr-summit-2025\/","og_site_name":"4K-HDR SUMMIT","article_published_time":"2025-10-16T11:09:57+00:00","article_modified_time":"2025-10-27T13:01:55+00:00","og_image":[{"width":1024,"height":768,"url":"https:\/\/www.4ksummit.com\/wp-content\/uploads\/2025\/06\/54139640354_5619e13210_b.jpg","type":"image\/jpeg"}],"author":"Maria Medina","twitter_card":"summary_large_image","twitter_misc":{"Escrito por":"Maria Medina","Tiempo de lectura":"8 minutos"},"schema":{"@context":"https:\/\/schema.org","@graph":[{"@type":"Article","@id":"https:\/\/www.4ksummit.com\/es\/una-agenda-de-primer-nivel-se-dara-cita-en-la-4k-hdr-summit-2025\/#article","isPartOf":{"@id":"https:\/\/www.4ksummit.com\/es\/una-agenda-de-primer-nivel-se-dara-cita-en-la-4k-hdr-summit-2025\/"},"author":{"name":"Maria Medina","@id":"https:\/\/www.4ksummit.com\/#\/schema\/person\/8b70bbf598435c2dfb4f6b9ffeb0da82"},"headline":"Una agenda de primer nivel se dar\u00e1 cita en la 4K HDR Summit 2025","datePublished":"2025-10-16T11:09:57+00:00","dateModified":"2025-10-27T13:01:55+00:00","mainEntityOfPage":{"@id":"https:\/\/www.4ksummit.com\/es\/una-agenda-de-primer-nivel-se-dara-cita-en-la-4k-hdr-summit-2025\/"},"wordCount":1761,"publisher":{"@id":"https:\/\/www.4ksummit.com\/#organization"},"image":{"@id":"https:\/\/www.4ksummit.com\/es\/una-agenda-de-primer-nivel-se-dara-cita-en-la-4k-hdr-summit-2025\/#primaryimage"},"thumbnailUrl":"https:\/\/www.4ksummit.com\/wp-content\/uploads\/2025\/06\/54139640354_5619e13210_b.jpg","articleSection":["4K International"],"inLanguage":"es"},{"@type":"WebPage","@id":"https:\/\/www.4ksummit.com\/es\/una-agenda-de-primer-nivel-se-dara-cita-en-la-4k-hdr-summit-2025\/","url":"https:\/\/www.4ksummit.com\/es\/una-agenda-de-primer-nivel-se-dara-cita-en-la-4k-hdr-summit-2025\/","name":"Una agenda de primer nivel se dar\u00e1 cita en la 4K HDR Summit 2025 - 4K-HDR SUMMIT","isPartOf":{"@id":"https:\/\/www.4ksummit.com\/#website"},"primaryImageOfPage":{"@id":"https:\/\/www.4ksummit.com\/es\/una-agenda-de-primer-nivel-se-dara-cita-en-la-4k-hdr-summit-2025\/#primaryimage"},"image":{"@id":"https:\/\/www.4ksummit.com\/es\/una-agenda-de-primer-nivel-se-dara-cita-en-la-4k-hdr-summit-2025\/#primaryimage"},"thumbnailUrl":"https:\/\/www.4ksummit.com\/wp-content\/uploads\/2025\/06\/54139640354_5619e13210_b.jpg","datePublished":"2025-10-16T11:09:57+00:00","dateModified":"2025-10-27T13:01:55+00:00","breadcrumb":{"@id":"https:\/\/www.4ksummit.com\/es\/una-agenda-de-primer-nivel-se-dara-cita-en-la-4k-hdr-summit-2025\/#breadcrumb"},"inLanguage":"es","potentialAction":[{"@type":"ReadAction","target":["https:\/\/www.4ksummit.com\/es\/una-agenda-de-primer-nivel-se-dara-cita-en-la-4k-hdr-summit-2025\/"]}]},{"@type":"ImageObject","inLanguage":"es","@id":"https:\/\/www.4ksummit.com\/es\/una-agenda-de-primer-nivel-se-dara-cita-en-la-4k-hdr-summit-2025\/#primaryimage","url":"https:\/\/www.4ksummit.com\/wp-content\/uploads\/2025\/06\/54139640354_5619e13210_b.jpg","contentUrl":"https:\/\/www.4ksummit.com\/wp-content\/uploads\/2025\/06\/54139640354_5619e13210_b.jpg","width":1024,"height":768},{"@type":"BreadcrumbList","@id":"https:\/\/www.4ksummit.com\/es\/una-agenda-de-primer-nivel-se-dara-cita-en-la-4k-hdr-summit-2025\/#breadcrumb","itemListElement":[{"@type":"ListItem","position":1,"name":"Portada","item":"https:\/\/www.4ksummit.com\/es\/"},{"@type":"ListItem","position":2,"name":"Una agenda de primer nivel se dar\u00e1 cita en la 4K HDR Summit 2025"}]},{"@type":"WebSite","@id":"https:\/\/www.4ksummit.com\/#website","url":"https:\/\/www.4ksummit.com\/","name":"4K-HDR SUMMIT","description":"2018","publisher":{"@id":"https:\/\/www.4ksummit.com\/#organization"},"potentialAction":[{"@type":"SearchAction","target":{"@type":"EntryPoint","urlTemplate":"https:\/\/www.4ksummit.com\/?s={search_term_string}"},"query-input":{"@type":"PropertyValueSpecification","valueRequired":true,"valueName":"search_term_string"}}],"inLanguage":"es"},{"@type":"Organization","@id":"https:\/\/www.4ksummit.com\/#organization","name":"4K-UHD SUMMIT","url":"https:\/\/www.4ksummit.com\/","logo":{"@type":"ImageObject","inLanguage":"es","@id":"https:\/\/www.4ksummit.com\/#\/schema\/logo\/image\/","url":"https:\/\/www.4ksummit.com\/wp-content\/uploads\/2020\/05\/4ksummit.png","contentUrl":"https:\/\/www.4ksummit.com\/wp-content\/uploads\/2020\/05\/4ksummit.png","width":600,"height":246,"caption":"4K-UHD SUMMIT"},"image":{"@id":"https:\/\/www.4ksummit.com\/#\/schema\/logo\/image\/"}},{"@type":"Person","@id":"https:\/\/www.4ksummit.com\/#\/schema\/person\/8b70bbf598435c2dfb4f6b9ffeb0da82","name":"Maria Medina","sameAs":["http:\/\/www.medinamedia.es"]}]}},"_links":{"self":[{"href":"https:\/\/www.4ksummit.com\/es\/wp-json\/wp\/v2\/posts\/35904","targetHints":{"allow":["GET"]}}],"collection":[{"href":"https:\/\/www.4ksummit.com\/es\/wp-json\/wp\/v2\/posts"}],"about":[{"href":"https:\/\/www.4ksummit.com\/es\/wp-json\/wp\/v2\/types\/post"}],"author":[{"embeddable":true,"href":"https:\/\/www.4ksummit.com\/es\/wp-json\/wp\/v2\/users\/2"}],"replies":[{"embeddable":true,"href":"https:\/\/www.4ksummit.com\/es\/wp-json\/wp\/v2\/comments?post=35904"}],"version-history":[{"count":4,"href":"https:\/\/www.4ksummit.com\/es\/wp-json\/wp\/v2\/posts\/35904\/revisions"}],"predecessor-version":[{"id":36155,"href":"https:\/\/www.4ksummit.com\/es\/wp-json\/wp\/v2\/posts\/35904\/revisions\/36155"}],"wp:featuredmedia":[{"embeddable":true,"href":"https:\/\/www.4ksummit.com\/es\/wp-json\/wp\/v2\/media\/34002"}],"wp:attachment":[{"href":"https:\/\/www.4ksummit.com\/es\/wp-json\/wp\/v2\/media?parent=35904"}],"wp:term":[{"taxonomy":"category","embeddable":true,"href":"https:\/\/www.4ksummit.com\/es\/wp-json\/wp\/v2\/categories?post=35904"},{"taxonomy":"post_tag","embeddable":true,"href":"https:\/\/www.4ksummit.com\/es\/wp-json\/wp\/v2\/tags?post=35904"}],"curies":[{"name":"wp","href":"https:\/\/api.w.org\/{rel}","templated":true}]}}