{"id":26784,"date":"2023-10-11T13:23:01","date_gmt":"2023-10-11T11:23:01","guid":{"rendered":"https:\/\/www.4ksummit.com\/?p=26784"},"modified":"2023-10-11T13:30:35","modified_gmt":"2023-10-11T11:30:35","slug":"la-4k-hdr-summit-celebra-en-noviembre-su-novena-edicion-en-malaga","status":"publish","type":"post","link":"https:\/\/www.4ksummit.com\/es\/la-4k-hdr-summit-celebra-en-noviembre-su-novena-edicion-en-malaga\/","title":{"rendered":"La 4K HDR Summit celebra en noviembre su novena edici\u00f3n en M\u00e1laga"},"content":{"rendered":"<ul>\n<li><b>Del 13 al 16 de noviembre tendr\u00e1 lugar la novena edici\u00f3n de la 4K HDR Summit en el Polo Nacional de Contenidos Digitales para dar a conocer lo \u00faltimo en tecnolog\u00eda 4K, HDR y 8K, entre otras.<br \/>\n<\/b><\/li>\n<li aria-level=\"1\"><b>Se trata del principal punto de encuentro de los principales responsables t\u00e9cnicos y de innovaci\u00f3n del audiovisual espa\u00f1ol e internacional.<\/b><\/li>\n<\/ul>\n<ul>\n<li aria-level=\"1\"><b>Esta novena edici\u00f3n tambi\u00e9n servir\u00e1 como sede de la Asamblea de la asociaci\u00f3n espa\u00f1ola UHD Spain y de la siguiente Comisi\u00f3n T\u00e9cnica de la FORTA.<\/b><\/li>\n<\/ul>\n<ul>\n<li aria-level=\"1\"><b>En la pasada edici\u00f3n participaron m\u00e1s de 450 profesionales y 200 empresas.<\/b><\/li>\n<\/ul>\n<p><span style=\"font-weight: 400;\">El principal encuentro internacional sobre tecnolog\u00eda y contenidos en Ultra Alta Definici\u00f3n (UHD) prepara ya su novena edici\u00f3n, que <\/span><b>contar\u00e1 con dos d\u00edas presenciales (13 y 14 de noviembre) en el Polo Nacional de Contenidos Digitales de M\u00e1laga, y dos virtuales (15 y 16 de noviembre) para dar la oportunidad a los asistentes profesionales de acceder a un networking de primer nivel <\/b><span style=\"font-weight: 400;\">y conocer demos exclusivas de empresas l\u00edderes en el sector.<\/span><\/p>\n<p><b>M\u00c1LAGA, CAPITAL DE LA UHD<\/b><\/p>\n<p><span style=\"font-weight: 400;\">M\u00e1laga se vuelve a convertir en el centro neur\u00e1lgico de la Ultra Alta Definici\u00f3n. Y la mejor prueba de ello son sus dos jornadas presenciales de primer nivel internacional. El<\/span><b> lunes 13 de Noviembre<\/b><span style=\"font-weight: 400;\"> tendr\u00e1 lugar la jornada inaugural de la 4K HDR Summit y servir\u00e1 de encuentro presencial para dar tambi\u00e9n la bienvenida a los nuevos socios y colaboradores de la <\/span><a href=\"https:\/\/www.uhdspain.com\/\"><span style=\"font-weight: 400;\">asociaci\u00f3n UHD SPAIN,<\/span><\/a><span style=\"font-weight: 400;\"> que fue creada en enero 2021 y que cuenta ya con 39 miembros para impulsar el desarrollo en Espa\u00f1a de la Ultra Alta Definici\u00f3n (UHD). Adem\u00e1s, se dar\u00e1n cita multinacionales, expertos y profesionales para mostrar los \u00faltimos avances de esta tecnolog\u00eda.\u00a0<\/span><\/p>\n<p><span style=\"font-weight: 400;\">El <\/span><b>martes 14 de noviembre,<\/b><span style=\"font-weight: 400;\"> que tambi\u00e9n ser\u00e1 presencial, contar\u00e1 con ponencias destacadas sobre los acontecimientos m\u00e1s importantes del a\u00f1o en el panorama audiovisual internacional. Estas dos jornadas presenciales, tambi\u00e9n, dar\u00e1n la oportunidad a los asistentes de conocer demostraciones exclusivas de fabricantes y desarrolladores con soluciones que conviven con la Ultra Alta Definici\u00f3n, como son el VR, XR, 5G\u2026<\/span><\/p>\n<p><span style=\"font-weight: 400;\">Las dos jornadas virtuales, <\/span><b>15 y 16 de noviembre, <\/b><span style=\"font-weight: 400;\">contar\u00e1n con multitud de expertos que hablar\u00e1n de estas tecnolog\u00edas y de los proyectos m\u00e1s avanzados en lo referentes a la Ultra Alta Definici\u00f3n.\u00a0<\/span><\/p>\n<p><img loading=\"lazy\" decoding=\"async\" class=\"alignnone size-large wp-image-26790\" src=\"https:\/\/www.4ksummit.com\/wp-content\/uploads\/2023\/10\/WhatsApp-Image-2022-11-15-at-16.12.24-1024x682.jpeg\" alt=\"\" width=\"1024\" height=\"682\" srcset=\"https:\/\/www.4ksummit.com\/wp-content\/uploads\/2023\/10\/WhatsApp-Image-2022-11-15-at-16.12.24-1024x682.jpeg 1024w, https:\/\/www.4ksummit.com\/wp-content\/uploads\/2023\/10\/WhatsApp-Image-2022-11-15-at-16.12.24-300x200.jpeg 300w, https:\/\/www.4ksummit.com\/wp-content\/uploads\/2023\/10\/WhatsApp-Image-2022-11-15-at-16.12.24-768x512.jpeg 768w, https:\/\/www.4ksummit.com\/wp-content\/uploads\/2023\/10\/WhatsApp-Image-2022-11-15-at-16.12.24-1536x1023.jpeg 1536w, https:\/\/www.4ksummit.com\/wp-content\/uploads\/2023\/10\/WhatsApp-Image-2022-11-15-at-16.12.24.jpeg 1600w\" sizes=\"(max-width: 1024px) 100vw, 1024px\" \/><\/p>\n<p><b>LA CONSOLIDACI\u00d3N DE LA 4K HDR SUMMIT<\/b><\/p>\n<p><span style=\"font-weight: 400;\">Las diferentes soluciones tecnol\u00f3gicas que se han aplicado con \u00e9xito en los \u00faltimos 12 meses ser\u00e1n expuestas por <\/span><b>multinacionales l\u00edderes en el audiovisual<\/b><span style=\"font-weight: 400;\">. La 4K HDR Summit, tras sus ocho ediciones anteriores, se ha consolidado como el <\/span><b>principal punto de encuentro<\/b><span style=\"font-weight: 400;\"> de los principales responsables t\u00e9cnicos y de innovaci\u00f3n del audiovisual espa\u00f1ol.<\/span><\/p>\n<p><span style=\"font-weight: 400;\">Desde 2015 la 4K HDR Summit no ha faltado a su cita con los <\/span><b>\u201ctop engineers\u201d <\/b><span style=\"font-weight: 400;\">y los <\/span><b>\u201ctop content producers\u201d<\/b><span style=\"font-weight: 400;\">, que aceptaron la invitaci\u00f3n de Medina Media Events de reunirse una vez al a\u00f1o y compartir los avances y las experiencias de cada uno, con el fin de mejorar la experiencia de usuario que tendr\u00edan los telespectadores con los contenidos y los aparatos receptores en Ultra Alta Definici\u00f3n (UHD).<\/span><\/p>\n<p><span style=\"font-weight: 400;\">En la <\/span><b>pasada edici\u00f3n participaron<\/b><span style=\"font-weight: 400;\"> un total de <\/span><b>61 ponentes,<\/b><span style=\"font-weight: 400;\"> m\u00e1s de <\/span><b>450 profesionales <\/b><span style=\"font-weight: 400;\">registrados y en torno a <\/span><b>200 empresas<\/b><span style=\"font-weight: 400;\"> e instituciones procedentes de <\/span><b>Alemania, Argentina, Brasil, Colombia, Espa\u00f1a, Estados Unidos, Francia, Gran Breta\u00f1a, Italia, Jap\u00f3n, Polonia, Portugal, India y Suiza.\u00a0<\/b><\/p>\n<p><span style=\"font-weight: 400;\">En la 4K HDR Summit 2022 se anunciaron noticias que traspasaron fronteras: <\/span><b>la emisi\u00f3n en 4K por parte de RTVE del Mundial de Catar, la presentaci\u00f3n del HUB Audiovisual de Andaluc\u00eda, las c\u00e1maras usadas por la NASA en la misi\u00f3n Artemis 1, o las emisiones experimentales UHD en toda Espa\u00f1a.\u00a0<\/b><\/p>\n<p><img loading=\"lazy\" decoding=\"async\" class=\"aligncenter wp-image-26788 size-full\" src=\"https:\/\/www.4ksummit.com\/wp-content\/uploads\/2023\/10\/WhatsApp-Image-2023-10-11-at-13.06.37.jpeg\" alt=\"\" width=\"659\" height=\"438\" srcset=\"https:\/\/www.4ksummit.com\/wp-content\/uploads\/2023\/10\/WhatsApp-Image-2023-10-11-at-13.06.37.jpeg 659w, https:\/\/www.4ksummit.com\/wp-content\/uploads\/2023\/10\/WhatsApp-Image-2023-10-11-at-13.06.37-300x199.jpeg 300w\" sizes=\"(max-width: 659px) 100vw, 659px\" \/><\/p>\n<p><span style=\"font-weight: 400;\">Una importante representaci\u00f3n institucional tambi\u00e9n estuvo presente en la pasada edici\u00f3n de la 4K HDR Summit. El <\/span><b>Alcalde de M\u00e1laga, Francisco de la Torre<\/b><span style=\"font-weight: 400;\"> calific\u00f3 este encuentro como \u201cuna oportunidad para las empresas espa\u00f1olas. Cada a\u00f1o se ve la evoluci\u00f3n en la calidad de los contenidos\u201d.\u00a0<\/span><\/p>\n<p><span style=\"font-weight: 400;\">Por otro lado, <\/span><b>Antonio Sanz<\/b><span style=\"font-weight: 400;\">, Consejero de Presidencia de la <\/span><b>Junta de Andaluc\u00eda<\/b><span style=\"font-weight: 400;\"> afirm\u00f3 que se trata \u201cdel evento internacional m\u00e1s importante de la Ultra Alta Definici\u00f3n. Me lo imaginaba muy bueno, aunque despu\u00e9s de venir ha superado mis expectativas\u201d.\u00a0<\/span><\/p>\n<p><span style=\"font-weight: 400;\">Esta novena edici\u00f3n tambi\u00e9n servir\u00e1 como sede de la Asamblea de la asociaci\u00f3n espa\u00f1ola <\/span><b>UHD Spain<\/b><span style=\"font-weight: 400;\"> y de la siguiente Comisi\u00f3n T\u00e9cnica de la <\/span><b>FORTA.<\/b><\/p>\n<p>Todas las conferencias de la 4K HDR Summit de anteriores ediciones se pueden seguir, durante todo el a\u00f1o, a trav\u00e9s de su plataforma virtual, impulsada por <strong><a href=\"http:\/\/www.elobservatorionewtech.com\/\">\u2018El Observatorio\u2019<\/a><\/strong> de Medina Media Events. En la misma, los asistentes podr\u00e1n consultar las sesiones de esta pr\u00f3xima edici\u00f3n, en directo y VOD, y programar videoencuentros con otros participantes y ponentes, adem\u00e1s de visitar demos online exclusivas y leer las \u00faltimas noticias del sector.<b><br \/>\n<\/b><\/p>\n","protected":false},"excerpt":{"rendered":"<p>Del 13 al 16 de noviembre tendr\u00e1 lugar la novena edici\u00f3n de la 4K HDR Summit en el Polo Nacional de Contenidos Digitales para dar a conocer lo \u00faltimo en tecnolog\u00eda 4K, HDR y 8K, entre otras. Se trata del principal punto de encuentro de los principales responsables t\u00e9cnicos y de innovaci\u00f3n del audiovisual espa\u00f1ol [&hellip;]<\/p>\n","protected":false},"author":2,"featured_media":26792,"comment_status":"closed","ping_status":"closed","sticky":false,"template":"","format":"standard","meta":{"_acf_changed":false,"footnotes":""},"categories":[248,26],"tags":[],"class_list":["post-26784","post","type-post","status-publish","format-standard","has-post-thumbnail","hentry","category-2023-es","category-noticias-4k"],"acf":[],"yoast_head":"<!-- This site is optimized with the Yoast SEO plugin v27.5 - https:\/\/yoast.com\/product\/yoast-seo-wordpress\/ -->\n<title>La 4K HDR Summit celebra en noviembre su novena edici\u00f3n en M\u00e1laga - 4K-HDR SUMMIT<\/title>\n<meta name=\"robots\" content=\"index, follow, max-snippet:-1, max-image-preview:large, max-video-preview:-1\" \/>\n<link rel=\"canonical\" href=\"https:\/\/www.4ksummit.com\/es\/la-4k-hdr-summit-celebra-en-noviembre-su-novena-edicion-en-malaga\/\" \/>\n<meta property=\"og:locale\" content=\"es_ES\" \/>\n<meta property=\"og:type\" content=\"article\" \/>\n<meta property=\"og:title\" content=\"La 4K HDR Summit celebra en noviembre su novena edici\u00f3n en M\u00e1laga - 4K-HDR SUMMIT\" \/>\n<meta property=\"og:description\" content=\"Del 13 al 16 de noviembre tendr\u00e1 lugar la novena edici\u00f3n de la 4K HDR Summit en el Polo Nacional de Contenidos Digitales para dar a conocer lo \u00faltimo en tecnolog\u00eda 4K, HDR y 8K, entre otras. Se trata del principal punto de encuentro de los principales responsables t\u00e9cnicos y de innovaci\u00f3n del audiovisual espa\u00f1ol [&hellip;]\" \/>\n<meta property=\"og:url\" content=\"https:\/\/www.4ksummit.com\/es\/la-4k-hdr-summit-celebra-en-noviembre-su-novena-edicion-en-malaga\/\" \/>\n<meta property=\"og:site_name\" content=\"4K-HDR SUMMIT\" \/>\n<meta property=\"article:published_time\" content=\"2023-10-11T11:23:01+00:00\" \/>\n<meta property=\"article:modified_time\" content=\"2023-10-11T11:30:35+00:00\" \/>\n<meta property=\"og:image\" content=\"https:\/\/www.4ksummit.com\/wp-content\/uploads\/2023\/10\/OKESP1.png\" \/>\n\t<meta property=\"og:image:width\" content=\"1500\" \/>\n\t<meta property=\"og:image:height\" content=\"608\" \/>\n\t<meta property=\"og:image:type\" content=\"image\/png\" \/>\n<meta name=\"author\" content=\"Maria Medina\" \/>\n<meta name=\"twitter:card\" content=\"summary_large_image\" \/>\n<meta name=\"twitter:label1\" content=\"Escrito por\" \/>\n\t<meta name=\"twitter:data1\" content=\"Maria Medina\" \/>\n\t<meta name=\"twitter:label2\" content=\"Tiempo de lectura\" \/>\n\t<meta name=\"twitter:data2\" content=\"4 minutos\" \/>\n<script type=\"application\/ld+json\" class=\"yoast-schema-graph\">{\"@context\":\"https:\\\/\\\/schema.org\",\"@graph\":[{\"@type\":\"Article\",\"@id\":\"https:\\\/\\\/www.4ksummit.com\\\/es\\\/la-4k-hdr-summit-celebra-en-noviembre-su-novena-edicion-en-malaga\\\/#article\",\"isPartOf\":{\"@id\":\"https:\\\/\\\/www.4ksummit.com\\\/es\\\/la-4k-hdr-summit-celebra-en-noviembre-su-novena-edicion-en-malaga\\\/\"},\"author\":{\"name\":\"Maria Medina\",\"@id\":\"https:\\\/\\\/www.4ksummit.com\\\/#\\\/schema\\\/person\\\/8b70bbf598435c2dfb4f6b9ffeb0da82\"},\"headline\":\"La 4K HDR Summit celebra en noviembre su novena edici\u00f3n en M\u00e1laga\",\"datePublished\":\"2023-10-11T11:23:01+00:00\",\"dateModified\":\"2023-10-11T11:30:35+00:00\",\"mainEntityOfPage\":{\"@id\":\"https:\\\/\\\/www.4ksummit.com\\\/es\\\/la-4k-hdr-summit-celebra-en-noviembre-su-novena-edicion-en-malaga\\\/\"},\"wordCount\":850,\"publisher\":{\"@id\":\"https:\\\/\\\/www.4ksummit.com\\\/#organization\"},\"image\":{\"@id\":\"https:\\\/\\\/www.4ksummit.com\\\/es\\\/la-4k-hdr-summit-celebra-en-noviembre-su-novena-edicion-en-malaga\\\/#primaryimage\"},\"thumbnailUrl\":\"https:\\\/\\\/www.4ksummit.com\\\/wp-content\\\/uploads\\\/2023\\\/10\\\/OKESP1.png\",\"articleSection\":[\"2023\",\"Noticias 4k\"],\"inLanguage\":\"es\"},{\"@type\":\"WebPage\",\"@id\":\"https:\\\/\\\/www.4ksummit.com\\\/es\\\/la-4k-hdr-summit-celebra-en-noviembre-su-novena-edicion-en-malaga\\\/\",\"url\":\"https:\\\/\\\/www.4ksummit.com\\\/es\\\/la-4k-hdr-summit-celebra-en-noviembre-su-novena-edicion-en-malaga\\\/\",\"name\":\"La 4K HDR Summit celebra en noviembre su novena edici\u00f3n en M\u00e1laga - 4K-HDR SUMMIT\",\"isPartOf\":{\"@id\":\"https:\\\/\\\/www.4ksummit.com\\\/#website\"},\"primaryImageOfPage\":{\"@id\":\"https:\\\/\\\/www.4ksummit.com\\\/es\\\/la-4k-hdr-summit-celebra-en-noviembre-su-novena-edicion-en-malaga\\\/#primaryimage\"},\"image\":{\"@id\":\"https:\\\/\\\/www.4ksummit.com\\\/es\\\/la-4k-hdr-summit-celebra-en-noviembre-su-novena-edicion-en-malaga\\\/#primaryimage\"},\"thumbnailUrl\":\"https:\\\/\\\/www.4ksummit.com\\\/wp-content\\\/uploads\\\/2023\\\/10\\\/OKESP1.png\",\"datePublished\":\"2023-10-11T11:23:01+00:00\",\"dateModified\":\"2023-10-11T11:30:35+00:00\",\"breadcrumb\":{\"@id\":\"https:\\\/\\\/www.4ksummit.com\\\/es\\\/la-4k-hdr-summit-celebra-en-noviembre-su-novena-edicion-en-malaga\\\/#breadcrumb\"},\"inLanguage\":\"es\",\"potentialAction\":[{\"@type\":\"ReadAction\",\"target\":[\"https:\\\/\\\/www.4ksummit.com\\\/es\\\/la-4k-hdr-summit-celebra-en-noviembre-su-novena-edicion-en-malaga\\\/\"]}]},{\"@type\":\"ImageObject\",\"inLanguage\":\"es\",\"@id\":\"https:\\\/\\\/www.4ksummit.com\\\/es\\\/la-4k-hdr-summit-celebra-en-noviembre-su-novena-edicion-en-malaga\\\/#primaryimage\",\"url\":\"https:\\\/\\\/www.4ksummit.com\\\/wp-content\\\/uploads\\\/2023\\\/10\\\/OKESP1.png\",\"contentUrl\":\"https:\\\/\\\/www.4ksummit.com\\\/wp-content\\\/uploads\\\/2023\\\/10\\\/OKESP1.png\",\"width\":1500,\"height\":608},{\"@type\":\"BreadcrumbList\",\"@id\":\"https:\\\/\\\/www.4ksummit.com\\\/es\\\/la-4k-hdr-summit-celebra-en-noviembre-su-novena-edicion-en-malaga\\\/#breadcrumb\",\"itemListElement\":[{\"@type\":\"ListItem\",\"position\":1,\"name\":\"Portada\",\"item\":\"https:\\\/\\\/www.4ksummit.com\\\/es\\\/\"},{\"@type\":\"ListItem\",\"position\":2,\"name\":\"La 4K HDR Summit celebra en noviembre su novena edici\u00f3n en M\u00e1laga\"}]},{\"@type\":\"WebSite\",\"@id\":\"https:\\\/\\\/www.4ksummit.com\\\/#website\",\"url\":\"https:\\\/\\\/www.4ksummit.com\\\/\",\"name\":\"4K-HDR SUMMIT\",\"description\":\"2018\",\"publisher\":{\"@id\":\"https:\\\/\\\/www.4ksummit.com\\\/#organization\"},\"potentialAction\":[{\"@type\":\"SearchAction\",\"target\":{\"@type\":\"EntryPoint\",\"urlTemplate\":\"https:\\\/\\\/www.4ksummit.com\\\/?s={search_term_string}\"},\"query-input\":{\"@type\":\"PropertyValueSpecification\",\"valueRequired\":true,\"valueName\":\"search_term_string\"}}],\"inLanguage\":\"es\"},{\"@type\":\"Organization\",\"@id\":\"https:\\\/\\\/www.4ksummit.com\\\/#organization\",\"name\":\"4K-UHD SUMMIT\",\"url\":\"https:\\\/\\\/www.4ksummit.com\\\/\",\"logo\":{\"@type\":\"ImageObject\",\"inLanguage\":\"es\",\"@id\":\"https:\\\/\\\/www.4ksummit.com\\\/#\\\/schema\\\/logo\\\/image\\\/\",\"url\":\"https:\\\/\\\/www.4ksummit.com\\\/wp-content\\\/uploads\\\/2020\\\/05\\\/4ksummit.png\",\"contentUrl\":\"https:\\\/\\\/www.4ksummit.com\\\/wp-content\\\/uploads\\\/2020\\\/05\\\/4ksummit.png\",\"width\":600,\"height\":246,\"caption\":\"4K-UHD SUMMIT\"},\"image\":{\"@id\":\"https:\\\/\\\/www.4ksummit.com\\\/#\\\/schema\\\/logo\\\/image\\\/\"}},{\"@type\":\"Person\",\"@id\":\"https:\\\/\\\/www.4ksummit.com\\\/#\\\/schema\\\/person\\\/8b70bbf598435c2dfb4f6b9ffeb0da82\",\"name\":\"Maria Medina\",\"sameAs\":[\"http:\\\/\\\/www.medinamedia.es\"]}]}<\/script>\n<!-- \/ Yoast SEO plugin. -->","yoast_head_json":{"title":"La 4K HDR Summit celebra en noviembre su novena edici\u00f3n en M\u00e1laga - 4K-HDR SUMMIT","robots":{"index":"index","follow":"follow","max-snippet":"max-snippet:-1","max-image-preview":"max-image-preview:large","max-video-preview":"max-video-preview:-1"},"canonical":"https:\/\/www.4ksummit.com\/es\/la-4k-hdr-summit-celebra-en-noviembre-su-novena-edicion-en-malaga\/","og_locale":"es_ES","og_type":"article","og_title":"La 4K HDR Summit celebra en noviembre su novena edici\u00f3n en M\u00e1laga - 4K-HDR SUMMIT","og_description":"Del 13 al 16 de noviembre tendr\u00e1 lugar la novena edici\u00f3n de la 4K HDR Summit en el Polo Nacional de Contenidos Digitales para dar a conocer lo \u00faltimo en tecnolog\u00eda 4K, HDR y 8K, entre otras. Se trata del principal punto de encuentro de los principales responsables t\u00e9cnicos y de innovaci\u00f3n del audiovisual espa\u00f1ol [&hellip;]","og_url":"https:\/\/www.4ksummit.com\/es\/la-4k-hdr-summit-celebra-en-noviembre-su-novena-edicion-en-malaga\/","og_site_name":"4K-HDR SUMMIT","article_published_time":"2023-10-11T11:23:01+00:00","article_modified_time":"2023-10-11T11:30:35+00:00","og_image":[{"width":1500,"height":608,"url":"https:\/\/www.4ksummit.com\/wp-content\/uploads\/2023\/10\/OKESP1.png","type":"image\/png"}],"author":"Maria Medina","twitter_card":"summary_large_image","twitter_misc":{"Escrito por":"Maria Medina","Tiempo de lectura":"4 minutos"},"schema":{"@context":"https:\/\/schema.org","@graph":[{"@type":"Article","@id":"https:\/\/www.4ksummit.com\/es\/la-4k-hdr-summit-celebra-en-noviembre-su-novena-edicion-en-malaga\/#article","isPartOf":{"@id":"https:\/\/www.4ksummit.com\/es\/la-4k-hdr-summit-celebra-en-noviembre-su-novena-edicion-en-malaga\/"},"author":{"name":"Maria Medina","@id":"https:\/\/www.4ksummit.com\/#\/schema\/person\/8b70bbf598435c2dfb4f6b9ffeb0da82"},"headline":"La 4K HDR Summit celebra en noviembre su novena edici\u00f3n en M\u00e1laga","datePublished":"2023-10-11T11:23:01+00:00","dateModified":"2023-10-11T11:30:35+00:00","mainEntityOfPage":{"@id":"https:\/\/www.4ksummit.com\/es\/la-4k-hdr-summit-celebra-en-noviembre-su-novena-edicion-en-malaga\/"},"wordCount":850,"publisher":{"@id":"https:\/\/www.4ksummit.com\/#organization"},"image":{"@id":"https:\/\/www.4ksummit.com\/es\/la-4k-hdr-summit-celebra-en-noviembre-su-novena-edicion-en-malaga\/#primaryimage"},"thumbnailUrl":"https:\/\/www.4ksummit.com\/wp-content\/uploads\/2023\/10\/OKESP1.png","articleSection":["2023","Noticias 4k"],"inLanguage":"es"},{"@type":"WebPage","@id":"https:\/\/www.4ksummit.com\/es\/la-4k-hdr-summit-celebra-en-noviembre-su-novena-edicion-en-malaga\/","url":"https:\/\/www.4ksummit.com\/es\/la-4k-hdr-summit-celebra-en-noviembre-su-novena-edicion-en-malaga\/","name":"La 4K HDR Summit celebra en noviembre su novena edici\u00f3n en M\u00e1laga - 4K-HDR SUMMIT","isPartOf":{"@id":"https:\/\/www.4ksummit.com\/#website"},"primaryImageOfPage":{"@id":"https:\/\/www.4ksummit.com\/es\/la-4k-hdr-summit-celebra-en-noviembre-su-novena-edicion-en-malaga\/#primaryimage"},"image":{"@id":"https:\/\/www.4ksummit.com\/es\/la-4k-hdr-summit-celebra-en-noviembre-su-novena-edicion-en-malaga\/#primaryimage"},"thumbnailUrl":"https:\/\/www.4ksummit.com\/wp-content\/uploads\/2023\/10\/OKESP1.png","datePublished":"2023-10-11T11:23:01+00:00","dateModified":"2023-10-11T11:30:35+00:00","breadcrumb":{"@id":"https:\/\/www.4ksummit.com\/es\/la-4k-hdr-summit-celebra-en-noviembre-su-novena-edicion-en-malaga\/#breadcrumb"},"inLanguage":"es","potentialAction":[{"@type":"ReadAction","target":["https:\/\/www.4ksummit.com\/es\/la-4k-hdr-summit-celebra-en-noviembre-su-novena-edicion-en-malaga\/"]}]},{"@type":"ImageObject","inLanguage":"es","@id":"https:\/\/www.4ksummit.com\/es\/la-4k-hdr-summit-celebra-en-noviembre-su-novena-edicion-en-malaga\/#primaryimage","url":"https:\/\/www.4ksummit.com\/wp-content\/uploads\/2023\/10\/OKESP1.png","contentUrl":"https:\/\/www.4ksummit.com\/wp-content\/uploads\/2023\/10\/OKESP1.png","width":1500,"height":608},{"@type":"BreadcrumbList","@id":"https:\/\/www.4ksummit.com\/es\/la-4k-hdr-summit-celebra-en-noviembre-su-novena-edicion-en-malaga\/#breadcrumb","itemListElement":[{"@type":"ListItem","position":1,"name":"Portada","item":"https:\/\/www.4ksummit.com\/es\/"},{"@type":"ListItem","position":2,"name":"La 4K HDR Summit celebra en noviembre su novena edici\u00f3n en M\u00e1laga"}]},{"@type":"WebSite","@id":"https:\/\/www.4ksummit.com\/#website","url":"https:\/\/www.4ksummit.com\/","name":"4K-HDR SUMMIT","description":"2018","publisher":{"@id":"https:\/\/www.4ksummit.com\/#organization"},"potentialAction":[{"@type":"SearchAction","target":{"@type":"EntryPoint","urlTemplate":"https:\/\/www.4ksummit.com\/?s={search_term_string}"},"query-input":{"@type":"PropertyValueSpecification","valueRequired":true,"valueName":"search_term_string"}}],"inLanguage":"es"},{"@type":"Organization","@id":"https:\/\/www.4ksummit.com\/#organization","name":"4K-UHD SUMMIT","url":"https:\/\/www.4ksummit.com\/","logo":{"@type":"ImageObject","inLanguage":"es","@id":"https:\/\/www.4ksummit.com\/#\/schema\/logo\/image\/","url":"https:\/\/www.4ksummit.com\/wp-content\/uploads\/2020\/05\/4ksummit.png","contentUrl":"https:\/\/www.4ksummit.com\/wp-content\/uploads\/2020\/05\/4ksummit.png","width":600,"height":246,"caption":"4K-UHD SUMMIT"},"image":{"@id":"https:\/\/www.4ksummit.com\/#\/schema\/logo\/image\/"}},{"@type":"Person","@id":"https:\/\/www.4ksummit.com\/#\/schema\/person\/8b70bbf598435c2dfb4f6b9ffeb0da82","name":"Maria Medina","sameAs":["http:\/\/www.medinamedia.es"]}]}},"_links":{"self":[{"href":"https:\/\/www.4ksummit.com\/es\/wp-json\/wp\/v2\/posts\/26784","targetHints":{"allow":["GET"]}}],"collection":[{"href":"https:\/\/www.4ksummit.com\/es\/wp-json\/wp\/v2\/posts"}],"about":[{"href":"https:\/\/www.4ksummit.com\/es\/wp-json\/wp\/v2\/types\/post"}],"author":[{"embeddable":true,"href":"https:\/\/www.4ksummit.com\/es\/wp-json\/wp\/v2\/users\/2"}],"replies":[{"embeddable":true,"href":"https:\/\/www.4ksummit.com\/es\/wp-json\/wp\/v2\/comments?post=26784"}],"version-history":[{"count":0,"href":"https:\/\/www.4ksummit.com\/es\/wp-json\/wp\/v2\/posts\/26784\/revisions"}],"wp:featuredmedia":[{"embeddable":true,"href":"https:\/\/www.4ksummit.com\/es\/wp-json\/wp\/v2\/media\/26792"}],"wp:attachment":[{"href":"https:\/\/www.4ksummit.com\/es\/wp-json\/wp\/v2\/media?parent=26784"}],"wp:term":[{"taxonomy":"category","embeddable":true,"href":"https:\/\/www.4ksummit.com\/es\/wp-json\/wp\/v2\/categories?post=26784"},{"taxonomy":"post_tag","embeddable":true,"href":"https:\/\/www.4ksummit.com\/es\/wp-json\/wp\/v2\/tags?post=26784"}],"curies":[{"name":"wp","href":"https:\/\/api.w.org\/{rel}","templated":true}]}}