{"id":25481,"date":"2022-11-24T10:26:15","date_gmt":"2022-11-24T09:26:15","guid":{"rendered":"https:\/\/www.4ksummit.com\/?p=25481"},"modified":"2022-11-24T10:26:15","modified_gmt":"2022-11-24T09:26:15","slug":"la-4k-hdr-summit-de-malaga-se-consolida-como-el-evento-estrella-del-4k-y-8k-a-nivel-mundial-y-anuncia-ya-su-9a-edicion-para-el-13-de-noviembre-de-2023","status":"publish","type":"post","link":"https:\/\/www.4ksummit.com\/es\/la-4k-hdr-summit-de-malaga-se-consolida-como-el-evento-estrella-del-4k-y-8k-a-nivel-mundial-y-anuncia-ya-su-9a-edicion-para-el-13-de-noviembre-de-2023\/","title":{"rendered":"La 4K HDR Summit de M\u00e1laga se consolida como el evento estrella del 4K y 8K a nivel mundial y anuncia ya su 9\u00aa edici\u00f3n para el 13 de noviembre de 2023"},"content":{"rendered":"<ul>\n<li aria-level=\"1\"><b>M\u00e1s de 450 profesionales registrados y en torno 200 empresas participantes.<\/b><\/li>\n<\/ul>\n<ul>\n<li aria-level=\"1\"><b>M\u00e1s de 3.400 usuarios de hasta 58 pa\u00edses han seguido las noticias del evento. <\/b><\/li>\n<\/ul>\n<p><b>61 ponentes profesionales han participado en las exclusivas ponencias y paneles de expertos de la octava edici\u00f3n de la 4K HDR Summit,<\/b><span style=\"font-weight: 400;\"> que, unidos a las demostraciones relacionadas con el Metaverso, 4K y 8K, conformaron una agenda \u00fanica. El total de <\/span><b>profesionales registrados ascendi\u00f3 a los 460, de los que 274 fueron<\/b> <b>en las dos primeras jornadas<\/b> <b>presenciales celebradas en el Polo Nacional de Contenidos Digitales.<\/b><span style=\"font-weight: 400;\">\u00a0<\/span><\/p>\n<p><span style=\"font-weight: 400;\">Otro dato que resalta el \u00e9xito de esta edici\u00f3n es <\/span><b>la procedencia de los profesionales <\/b><span style=\"font-weight: 400;\">que han expuesto sus avances en la 4K HDR Summit 2022. Este a\u00f1o han participado expertos de Alemania, Argentina, Brasil, Colombia, Espa\u00f1a, Estados Unidos, Francia, Gran Breta\u00f1a, Italia, Jap\u00f3n, Polonia, Portugal, India y Suiza..<\/span><\/p>\n<p><span style=\"font-weight: 400;\">En total, el n\u00famero de<\/span><b> empresas e instituciones registradas se sit\u00faa en torno a las 200, <\/b><span style=\"font-weight: 400;\">entre las que se encuentran las <\/span><b>grandes asociaciones a nivel mundial del 4K y el 8K<\/b><span style=\"font-weight: 400;\">: UHD Alliance, 8K Association y Ultra HD Forum. Adem\u00e1s de la <\/span><b>NASA, OBS o Walt Disney Company,<\/b><span style=\"font-weight: 400;\"> un claro ejemplo del marcado car\u00e1cter internacional de este encuentro.<\/span><\/p>\n<p><span style=\"font-weight: 400;\">Las cifras tambi\u00e9n han sido destacables si hablamos de las visitas a la <\/span><b>web oficial<\/b><span style=\"font-weight: 400;\"> del evento. Durante el mes que se ha celebrado (noviembre) se han recibido<\/span><b> 5.000 visitas, <\/b><span style=\"font-weight: 400;\">provenientes de <\/span><b>3.400 usuarios<\/b> <b>de 58 pa\u00edses<\/b><span style=\"font-weight: 400;\">. Las tres naciones con un porcentaje de visitas mayor han sido <\/span><b>Espa\u00f1a (56,17%)<\/b><span style=\"font-weight: 400;\">, Estados Unidos (9,98%) y Francia (5,19%).<\/span><\/p>\n<p><span style=\"font-weight: 400;\">Los <\/span><b>perfiles de visitantes mayoritarios<\/b><span style=\"font-weight: 400;\"> han sido CEOs, COOs, CTOs, y presidentes, vicepresidentes, consejeros, gerentes, directores ejecutivos, directores de Innovaci\u00f3n, de Negocio, de Producto, de Desarrollo, de Servicios, de Operaciones, de Formaci\u00f3n, de Mercados, de Investigaci\u00f3n, de Redes y Plataformas, de Estrategia, de M\u00e1rketing, adem\u00e1s de productores, jefes de laboratorio, realizadores, ingenieros, catedr\u00e1ticos,\u00a0 consultores e investigadores.\u00a0<\/span><\/p>\n<p><b>Un foco de noticias que han traspasado fronteras<\/b><\/p>\n<p><span style=\"font-weight: 400;\">Tal ha sido el \u00e9xito de esta octava edici\u00f3n, que la empresa organizadora del evento, Medina Media Events, ya ha confirmado que habr\u00e1 una <\/span><b>novena edici\u00f3n<\/b><span style=\"font-weight: 400;\"> del <\/span><b>13 al 17 de noviembre del 2023<\/b><span style=\"font-weight: 400;\">.<\/span><\/p>\n<p><span style=\"font-weight: 400;\">Y es que esta edici\u00f3n ha dejado <\/span><b>noticias que han traspasado fronteras: la emisi\u00f3n en 4K por parte de RTVE del Mundial de Qatar<\/b><span style=\"font-weight: 400;\">, anunciado por \u00c1ngel Garc\u00eda Castillejo, Director de Pol\u00edticas Audiovisuales, Servicio P\u00fablico e Internacional de RTVE. Estas pruebas y su coordinaci\u00f3n se han llevado a cabo desde la asociaci\u00f3n<\/span><b> UHD Spain<\/b><span style=\"font-weight: 400;\">, que agrupa a empresas, entidades y profesionales del sector, y que preside RTVE.<\/span><\/p>\n<p><span style=\"font-weight: 400;\">Por otro lado, cabe destacar la presentaci\u00f3n del <\/span><b>HUB Audiovisual de Andaluc\u00eda<\/b><span style=\"font-weight: 400;\"> llevada a cabo por Antonio Sanz, Consejero de Presidencia de la Junta de Andaluc\u00eda.\u00a0<\/span><\/p>\n<p><span style=\"font-weight: 400;\">Tambi\u00e9n en la 4K HDR Summit, Carlos Fontanot, Gestor de im\u00e1genes de la ISS-NASA, expuso <\/span><b>las c\u00e1maras que utilizar\u00e1 la NASA en la actual misi\u00f3n Artemis 1.\u00a0<\/b><\/p>\n<p><span style=\"font-weight: 400;\">El anuncio del Ministerio por parte de Antonio Fern\u00e1ndez-Paniagua, Subdirector de Planificaci\u00f3n y Gesti\u00f3n del Espacio Radioel\u00e9ctrico, sobre <\/span><b>dar luz verde a las emisiones experimentales UHD en toda Espa\u00f1a<\/b><span style=\"font-weight: 400;\"> tuvo una gran repercusi\u00f3n nacional e internacional.\u00a0<\/span><\/p>\n<p><span style=\"font-weight: 400;\">Otras novedades de gran repercusi\u00f3n en esta edici\u00f3n han sido la opini\u00f3n de expertos y profesionales sobre<\/span><b> la prohibici\u00f3n de los televisores 8K <\/b><span style=\"font-weight: 400;\">por parte de la Uni\u00f3n Europea, en la que en rasgos generales son optimistas; o la presentaci\u00f3n de la segunda edici\u00f3n del <\/span><b>Libro Blanco de UHD Spain<\/b><span style=\"font-weight: 400;\"> por parte de Jos\u00e9 Manuel Men\u00e9ndez, Catedr\u00e1tico de la Universidad Polit\u00e9cnica de Madrid.\u00a0<\/span><\/p>\n<p><span style=\"font-weight: 400;\">Todas estas noticias han tenido su reflejo en grandes <\/span><b>medios de comunicaci\u00f3n<\/b><span style=\"font-weight: 400;\"> como, en televisi\u00f3n, destaca la presencia en Canal Sur o RTVE o en programas de m\u00e1xima audiencia como Andaluc\u00eda Directo y Hoy en D\u00eda de la RTVA. En radio, la Cadena Cope, RNE o Canal Sur Radio. Y en prensa: La Vanguardia, Mundo Deportivo, Europa Press, 20 Minutos, El Nacional, La Opini\u00f3n de M\u00e1laga, M\u00e1laga Hoy, Diario de Sevilla, El Confidencial Digital o El Espa\u00f1ol, <\/span><span style=\"font-weight: 400;\">entre otros especializados como Xataka, Cine &amp; Tele o Panorama Audiovisual.\u00a0<\/span><\/p>\n<p><b>Un \u00e9xito a ojos de todos<\/b><\/p>\n<p><span style=\"font-weight: 400;\">\u201cEstamos muy orgullosos de que hayamos conseguido reunir a multitud de interlocutores, empresas o multinacionales de Estados Unidos, Jap\u00f3n o Alemania entre otros muchos pa\u00edses. No todos los eventos han conseguido sobrevivir despu\u00e9s del COVID\u201d, afirma <\/span><b>Ricardo Medina<\/b><span style=\"font-weight: 400;\">, CEO de Medina Media Events.\u00a0<\/span><\/p>\n<p><span style=\"font-weight: 400;\">Por su parte<\/span><b>, Francisco de la Torre<\/b><span style=\"font-weight: 400;\">, Alcalde de M\u00e1laga y que estuvo presente en la primera jornada presencial en M\u00e1laga, tambi\u00e9n destac\u00f3 que \u201ccada a\u00f1o se ve la evoluci\u00f3n en la calidad de los contenidos. Este encuentro es una oportunidad para las empresas espa\u00f1olas y del Polo y es una magn\u00edfica oportunidad para compartir experiencias entre todos\u201d.\u00a0<\/span><\/p>\n<p><img loading=\"lazy\" decoding=\"async\" class=\"alignnone size-full wp-image-25483 aligncenter\" src=\"https:\/\/www.4ksummit.com\/wp-content\/uploads\/2022\/11\/3-1.png\" alt=\"\" width=\"659\" height=\"438\" srcset=\"https:\/\/www.4ksummit.com\/wp-content\/uploads\/2022\/11\/3-1.png 659w, https:\/\/www.4ksummit.com\/wp-content\/uploads\/2022\/11\/3-1-300x199.png 300w\" sizes=\"(max-width: 659px) 100vw, 659px\" \/><\/p>\n<p><span style=\"font-weight: 400;\">Por otro lado, <\/span><b>Antonio Sanz<\/b><span style=\"font-weight: 400;\">, Consejero de Presidencia de la Junta de Andaluc\u00eda tambi\u00e9n quiso alabar a la 4K HDR Summit y la calific\u00f3 como \u201cel evento internacional m\u00e1s importante de la Ultra Alta Definici\u00f3n\u201d<\/span><span style=\"font-weight: 400;\">.<\/span><span style=\"font-weight: 400;\"> \u201cMe lo imaginaba muy bueno, aunque despu\u00e9s de venir ha superado mis expectativas\u201d, concluy\u00f3 el Consejero de Presidencia.\u00a0<\/span><\/p>\n<p><img loading=\"lazy\" decoding=\"async\" class=\"alignnone size-full wp-image-25485 aligncenter\" src=\"https:\/\/www.4ksummit.com\/wp-content\/uploads\/2022\/11\/WhatsApp-Image-2022-11-22-at-16.46.52.jpeg\" alt=\"\" width=\"1600\" height=\"1068\" srcset=\"https:\/\/www.4ksummit.com\/wp-content\/uploads\/2022\/11\/WhatsApp-Image-2022-11-22-at-16.46.52.jpeg 1600w, https:\/\/www.4ksummit.com\/wp-content\/uploads\/2022\/11\/WhatsApp-Image-2022-11-22-at-16.46.52-300x200.jpeg 300w, https:\/\/www.4ksummit.com\/wp-content\/uploads\/2022\/11\/WhatsApp-Image-2022-11-22-at-16.46.52-1024x684.jpeg 1024w, https:\/\/www.4ksummit.com\/wp-content\/uploads\/2022\/11\/WhatsApp-Image-2022-11-22-at-16.46.52-768x513.jpeg 768w, https:\/\/www.4ksummit.com\/wp-content\/uploads\/2022\/11\/WhatsApp-Image-2022-11-22-at-16.46.52-1536x1025.jpeg 1536w\" sizes=\"(max-width: 1600px) 100vw, 1600px\" \/><\/p>\n<p><b>Juande Mellado<\/b><span style=\"font-weight: 400;\">, Director General de RTVA fue otro de los representantes de las instituciones que tuvieron a bien participar en la 4K HDR Summit. \u201cLlevamos desde 2015 participando en este evento, uno de los m\u00e1s importantes del mundo. Nuestro compromiso es firme\u201d. Por otro lado, <\/span><b>Susana Carillo<\/b><span style=\"font-weight: 400;\">, Delegada de Innovaci\u00f3n y Digitalizaci\u00f3n Urbana del Ayuntamiento de M\u00e1laga tambi\u00e9n quiso poner en valor la labor de Medina Media Events. \u201cHab\u00e9is vuelto a organizar un fant\u00e1stico <\/span><i><span style=\"font-weight: 400;\">summit<\/span><\/i><span style=\"font-weight: 400;\">. Cada a\u00f1o os super\u00e1is con mejores ponentes y mejores mesas. Es realmente fant\u00e1stico contar con vosotros\u201d.\u00a0<\/span><\/p>\n<p><img loading=\"lazy\" decoding=\"async\" class=\"alignnone size-full wp-image-25487 aligncenter\" src=\"https:\/\/www.4ksummit.com\/wp-content\/uploads\/2022\/11\/2-2.png\" alt=\"\" width=\"666\" height=\"448\" srcset=\"https:\/\/www.4ksummit.com\/wp-content\/uploads\/2022\/11\/2-2.png 666w, https:\/\/www.4ksummit.com\/wp-content\/uploads\/2022\/11\/2-2-300x202.png 300w\" sizes=\"(max-width: 666px) 100vw, 666px\" \/><\/p>\n<p><b>La edici\u00f3n m\u00e1s internacional<\/b><\/p>\n<p><span style=\"font-weight: 400;\">La octava edici\u00f3n del 4K HDR Summit ha logrado atraer hasta un total de <\/span><b>26 patrocinadores<\/b><span style=\"font-weight: 400;\"> entre ellos grandes compa\u00f1\u00edas provenientes de diferentes pa\u00edses. Desde Espa\u00f1a,\u00a0 RTVA, Hispasat,\u00a0 Axi\u00f3n,\u00a0 ADM, Sapec,\u00a0 UHD Spain, Optiva Media, Univrse, Lavinia, Cellnex, etc. De Francia: Ateme o Eutelsat; de Estados Unidos: MediaKind, Microsoft o Synamedia; de Alemania: Fraunhofer IIS.\u00a0 De Finlandia: Nokia o de Turqu\u00eda: Vestel<\/span><\/p>\n<p><span style=\"font-weight: 400;\">Adem\u00e1s, los asistentes han podido conocer de primer mano novedades como el <\/span><b>perro robot de Nokia llamado Perkins<\/b> <b>o la experiencia de Metaverso<\/b><span style=\"font-weight: 400;\"> de \u201cLos Sue\u00f1os\u201d de Lavinia y Univrse; adem\u00e1s de disfrutar de <\/span><b>im\u00e1genes en 4K del Espacio<\/b><span style=\"font-weight: 400;\">, proporcionadas por la <\/span><b>NASA<\/b><span style=\"font-weight: 400;\">;<\/span><b> o en 8K <\/b><span style=\"font-weight: 400;\">con el \u00faltimo modelo de televisor de Samsung Neo Qled 8K.<\/span><\/p>\n<p><img loading=\"lazy\" decoding=\"async\" class=\"alignnone size-full wp-image-25489 aligncenter\" src=\"https:\/\/www.4ksummit.com\/wp-content\/uploads\/2022\/11\/4.png\" alt=\"\" width=\"512\" height=\"338\" srcset=\"https:\/\/www.4ksummit.com\/wp-content\/uploads\/2022\/11\/4.png 512w, https:\/\/www.4ksummit.com\/wp-content\/uploads\/2022\/11\/4-300x198.png 300w\" sizes=\"(max-width: 512px) 100vw, 512px\" \/><\/p>\n<p><span style=\"font-weight: 400;\">Todos los profesionales registrados han tenido y siguen teniendo a su disposici\u00f3n &#8211; hasta la pr\u00f3xima edici\u00f3n &#8211; las ponencias emitidas y las presentaciones compartidas por los ponentes.<\/span><\/p>\n<p><span style=\"font-weight: 400;\">La octava edici\u00f3n del <\/span><b>4K HDR Summit<\/b><span style=\"font-weight: 400;\"> ha contado con el apoyo de Polo Nacional de Contenidos Digitales, Ayuntamiento de M\u00e1laga, Fycma, Junta de Andaluc\u00eda, ATEME, Fraunhofer, Optiva Media, Canal Sur Radio y Televisi\u00f3n, Grupo ADM, Mediakind, Microsoft, Synamedia, Nokia, Hispasat, Axi\u00f3n, Cellnex, Eutelsat, Rohde &amp; Schwarz, Canon, Sapec, Mome, Vestel, SONO, Hur\u00ed, Lavinia, Univrse, Colecci\u00f3n Museo Ruso, UHD Spain y Europa Creativa Media Desk Andaluc\u00eda.<\/span><\/p>\n","protected":false},"excerpt":{"rendered":"<p>M\u00e1s de 450 profesionales registrados y en torno 200 empresas participantes. M\u00e1s de 3.400 usuarios de hasta 58 pa\u00edses han seguido las noticias del evento. 61 ponentes profesionales han participado en las exclusivas ponencias y paneles de expertos de la octava edici\u00f3n de la 4K HDR Summit, que, unidos a las demostraciones relacionadas con el [&hellip;]<\/p>\n","protected":false},"author":4,"featured_media":25491,"comment_status":"closed","ping_status":"closed","sticky":false,"template":"","format":"standard","meta":{"_acf_changed":false,"footnotes":""},"categories":[169],"tags":[241],"class_list":["post-25481","post","type-post","status-publish","format-standard","has-post-thumbnail","hentry","category-4k-international","tag-4k-hdr-summit-de-malaga"],"acf":[],"yoast_head":"<!-- This site is optimized with the Yoast SEO plugin v27.5 - https:\/\/yoast.com\/product\/yoast-seo-wordpress\/ -->\n<title>La 4K HDR Summit de M\u00e1laga se consolida como el evento estrella del 4K y 8K a nivel mundial y anuncia ya su 9\u00aa edici\u00f3n para el 13 de noviembre de 2023 - 4K-HDR SUMMIT<\/title>\n<meta name=\"description\" content=\"La 4K HDR Summit de M\u00e1laga se consolida como el evento estrella del 4K y 8K a nivel mundial y anuncia ya su 9\u00aa edici\u00f3n para el 13 de noviembre de 2023\" \/>\n<meta name=\"robots\" content=\"index, follow, max-snippet:-1, max-image-preview:large, max-video-preview:-1\" \/>\n<link rel=\"canonical\" href=\"https:\/\/www.4ksummit.com\/es\/la-4k-hdr-summit-de-malaga-se-consolida-como-el-evento-estrella-del-4k-y-8k-a-nivel-mundial-y-anuncia-ya-su-9a-edicion-para-el-13-de-noviembre-de-2023\/\" \/>\n<meta property=\"og:locale\" content=\"es_ES\" \/>\n<meta property=\"og:type\" content=\"article\" \/>\n<meta property=\"og:title\" content=\"La 4K HDR Summit de M\u00e1laga se consolida como el evento estrella del 4K y 8K a nivel mundial y anuncia ya su 9\u00aa edici\u00f3n para el 13 de noviembre de 2023 - 4K-HDR SUMMIT\" \/>\n<meta property=\"og:description\" content=\"La 4K HDR Summit de M\u00e1laga se consolida como el evento estrella del 4K y 8K a nivel mundial y anuncia ya su 9\u00aa edici\u00f3n para el 13 de noviembre de 2023\" \/>\n<meta property=\"og:url\" content=\"https:\/\/www.4ksummit.com\/es\/la-4k-hdr-summit-de-malaga-se-consolida-como-el-evento-estrella-del-4k-y-8k-a-nivel-mundial-y-anuncia-ya-su-9a-edicion-para-el-13-de-noviembre-de-2023\/\" \/>\n<meta property=\"og:site_name\" content=\"4K-HDR SUMMIT\" \/>\n<meta property=\"article:published_time\" content=\"2022-11-24T09:26:15+00:00\" \/>\n<meta property=\"og:image\" content=\"https:\/\/www.4ksummit.com\/wp-content\/uploads\/2022\/11\/WhatsApp-Image-2022-11-22-at-17.10.00.jpeg\" \/>\n\t<meta property=\"og:image:width\" content=\"1600\" \/>\n\t<meta property=\"og:image:height\" content=\"1068\" \/>\n\t<meta property=\"og:image:type\" content=\"image\/jpeg\" \/>\n<meta name=\"author\" content=\"G\" \/>\n<meta name=\"twitter:card\" content=\"summary_large_image\" \/>\n<meta name=\"twitter:label1\" content=\"Escrito por\" \/>\n\t<meta name=\"twitter:data1\" content=\"G\" \/>\n\t<meta name=\"twitter:label2\" content=\"Tiempo de lectura\" \/>\n\t<meta name=\"twitter:data2\" content=\"6 minutos\" \/>\n<script type=\"application\/ld+json\" class=\"yoast-schema-graph\">{\"@context\":\"https:\\\/\\\/schema.org\",\"@graph\":[{\"@type\":\"Article\",\"@id\":\"https:\\\/\\\/www.4ksummit.com\\\/es\\\/la-4k-hdr-summit-de-malaga-se-consolida-como-el-evento-estrella-del-4k-y-8k-a-nivel-mundial-y-anuncia-ya-su-9a-edicion-para-el-13-de-noviembre-de-2023\\\/#article\",\"isPartOf\":{\"@id\":\"https:\\\/\\\/www.4ksummit.com\\\/es\\\/la-4k-hdr-summit-de-malaga-se-consolida-como-el-evento-estrella-del-4k-y-8k-a-nivel-mundial-y-anuncia-ya-su-9a-edicion-para-el-13-de-noviembre-de-2023\\\/\"},\"author\":{\"name\":\"G\",\"@id\":\"https:\\\/\\\/www.4ksummit.com\\\/#\\\/schema\\\/person\\\/183f3cf4328bbb849d8b4db5eeb5ac7e\"},\"headline\":\"La 4K HDR Summit de M\u00e1laga se consolida como el evento estrella del 4K y 8K a nivel mundial y anuncia ya su 9\u00aa edici\u00f3n para el 13 de noviembre de 2023\",\"datePublished\":\"2022-11-24T09:26:15+00:00\",\"mainEntityOfPage\":{\"@id\":\"https:\\\/\\\/www.4ksummit.com\\\/es\\\/la-4k-hdr-summit-de-malaga-se-consolida-como-el-evento-estrella-del-4k-y-8k-a-nivel-mundial-y-anuncia-ya-su-9a-edicion-para-el-13-de-noviembre-de-2023\\\/\"},\"wordCount\":1247,\"publisher\":{\"@id\":\"https:\\\/\\\/www.4ksummit.com\\\/#organization\"},\"image\":{\"@id\":\"https:\\\/\\\/www.4ksummit.com\\\/es\\\/la-4k-hdr-summit-de-malaga-se-consolida-como-el-evento-estrella-del-4k-y-8k-a-nivel-mundial-y-anuncia-ya-su-9a-edicion-para-el-13-de-noviembre-de-2023\\\/#primaryimage\"},\"thumbnailUrl\":\"https:\\\/\\\/www.4ksummit.com\\\/wp-content\\\/uploads\\\/2022\\\/11\\\/WhatsApp-Image-2022-11-22-at-17.10.00.jpeg\",\"keywords\":[\"4K HDR Summit de M\u00e1laga\"],\"articleSection\":[\"4K International\"],\"inLanguage\":\"es\"},{\"@type\":\"WebPage\",\"@id\":\"https:\\\/\\\/www.4ksummit.com\\\/es\\\/la-4k-hdr-summit-de-malaga-se-consolida-como-el-evento-estrella-del-4k-y-8k-a-nivel-mundial-y-anuncia-ya-su-9a-edicion-para-el-13-de-noviembre-de-2023\\\/\",\"url\":\"https:\\\/\\\/www.4ksummit.com\\\/es\\\/la-4k-hdr-summit-de-malaga-se-consolida-como-el-evento-estrella-del-4k-y-8k-a-nivel-mundial-y-anuncia-ya-su-9a-edicion-para-el-13-de-noviembre-de-2023\\\/\",\"name\":\"La 4K HDR Summit de M\u00e1laga se consolida como el evento estrella del 4K y 8K a nivel mundial y anuncia ya su 9\u00aa edici\u00f3n para el 13 de noviembre de 2023 - 4K-HDR SUMMIT\",\"isPartOf\":{\"@id\":\"https:\\\/\\\/www.4ksummit.com\\\/#website\"},\"primaryImageOfPage\":{\"@id\":\"https:\\\/\\\/www.4ksummit.com\\\/es\\\/la-4k-hdr-summit-de-malaga-se-consolida-como-el-evento-estrella-del-4k-y-8k-a-nivel-mundial-y-anuncia-ya-su-9a-edicion-para-el-13-de-noviembre-de-2023\\\/#primaryimage\"},\"image\":{\"@id\":\"https:\\\/\\\/www.4ksummit.com\\\/es\\\/la-4k-hdr-summit-de-malaga-se-consolida-como-el-evento-estrella-del-4k-y-8k-a-nivel-mundial-y-anuncia-ya-su-9a-edicion-para-el-13-de-noviembre-de-2023\\\/#primaryimage\"},\"thumbnailUrl\":\"https:\\\/\\\/www.4ksummit.com\\\/wp-content\\\/uploads\\\/2022\\\/11\\\/WhatsApp-Image-2022-11-22-at-17.10.00.jpeg\",\"datePublished\":\"2022-11-24T09:26:15+00:00\",\"description\":\"La 4K HDR Summit de M\u00e1laga se consolida como el evento estrella del 4K y 8K a nivel mundial y anuncia ya su 9\u00aa edici\u00f3n para el 13 de noviembre de 2023\",\"breadcrumb\":{\"@id\":\"https:\\\/\\\/www.4ksummit.com\\\/es\\\/la-4k-hdr-summit-de-malaga-se-consolida-como-el-evento-estrella-del-4k-y-8k-a-nivel-mundial-y-anuncia-ya-su-9a-edicion-para-el-13-de-noviembre-de-2023\\\/#breadcrumb\"},\"inLanguage\":\"es\",\"potentialAction\":[{\"@type\":\"ReadAction\",\"target\":[\"https:\\\/\\\/www.4ksummit.com\\\/es\\\/la-4k-hdr-summit-de-malaga-se-consolida-como-el-evento-estrella-del-4k-y-8k-a-nivel-mundial-y-anuncia-ya-su-9a-edicion-para-el-13-de-noviembre-de-2023\\\/\"]}]},{\"@type\":\"ImageObject\",\"inLanguage\":\"es\",\"@id\":\"https:\\\/\\\/www.4ksummit.com\\\/es\\\/la-4k-hdr-summit-de-malaga-se-consolida-como-el-evento-estrella-del-4k-y-8k-a-nivel-mundial-y-anuncia-ya-su-9a-edicion-para-el-13-de-noviembre-de-2023\\\/#primaryimage\",\"url\":\"https:\\\/\\\/www.4ksummit.com\\\/wp-content\\\/uploads\\\/2022\\\/11\\\/WhatsApp-Image-2022-11-22-at-17.10.00.jpeg\",\"contentUrl\":\"https:\\\/\\\/www.4ksummit.com\\\/wp-content\\\/uploads\\\/2022\\\/11\\\/WhatsApp-Image-2022-11-22-at-17.10.00.jpeg\",\"width\":1600,\"height\":1068},{\"@type\":\"BreadcrumbList\",\"@id\":\"https:\\\/\\\/www.4ksummit.com\\\/es\\\/la-4k-hdr-summit-de-malaga-se-consolida-como-el-evento-estrella-del-4k-y-8k-a-nivel-mundial-y-anuncia-ya-su-9a-edicion-para-el-13-de-noviembre-de-2023\\\/#breadcrumb\",\"itemListElement\":[{\"@type\":\"ListItem\",\"position\":1,\"name\":\"Portada\",\"item\":\"https:\\\/\\\/www.4ksummit.com\\\/es\\\/\"},{\"@type\":\"ListItem\",\"position\":2,\"name\":\"La 4K HDR Summit de M\u00e1laga se consolida como el evento estrella del 4K y 8K a nivel mundial y anuncia ya su 9\u00aa edici\u00f3n para el 13 de noviembre de 2023\"}]},{\"@type\":\"WebSite\",\"@id\":\"https:\\\/\\\/www.4ksummit.com\\\/#website\",\"url\":\"https:\\\/\\\/www.4ksummit.com\\\/\",\"name\":\"4K-HDR SUMMIT\",\"description\":\"2018\",\"publisher\":{\"@id\":\"https:\\\/\\\/www.4ksummit.com\\\/#organization\"},\"potentialAction\":[{\"@type\":\"SearchAction\",\"target\":{\"@type\":\"EntryPoint\",\"urlTemplate\":\"https:\\\/\\\/www.4ksummit.com\\\/?s={search_term_string}\"},\"query-input\":{\"@type\":\"PropertyValueSpecification\",\"valueRequired\":true,\"valueName\":\"search_term_string\"}}],\"inLanguage\":\"es\"},{\"@type\":\"Organization\",\"@id\":\"https:\\\/\\\/www.4ksummit.com\\\/#organization\",\"name\":\"4K-UHD SUMMIT\",\"url\":\"https:\\\/\\\/www.4ksummit.com\\\/\",\"logo\":{\"@type\":\"ImageObject\",\"inLanguage\":\"es\",\"@id\":\"https:\\\/\\\/www.4ksummit.com\\\/#\\\/schema\\\/logo\\\/image\\\/\",\"url\":\"https:\\\/\\\/www.4ksummit.com\\\/wp-content\\\/uploads\\\/2020\\\/05\\\/4ksummit.png\",\"contentUrl\":\"https:\\\/\\\/www.4ksummit.com\\\/wp-content\\\/uploads\\\/2020\\\/05\\\/4ksummit.png\",\"width\":600,\"height\":246,\"caption\":\"4K-UHD SUMMIT\"},\"image\":{\"@id\":\"https:\\\/\\\/www.4ksummit.com\\\/#\\\/schema\\\/logo\\\/image\\\/\"}},{\"@type\":\"Person\",\"@id\":\"https:\\\/\\\/www.4ksummit.com\\\/#\\\/schema\\\/person\\\/183f3cf4328bbb849d8b4db5eeb5ac7e\",\"name\":\"G\"}]}<\/script>\n<!-- \/ Yoast SEO plugin. -->","yoast_head_json":{"title":"La 4K HDR Summit de M\u00e1laga se consolida como el evento estrella del 4K y 8K a nivel mundial y anuncia ya su 9\u00aa edici\u00f3n para el 13 de noviembre de 2023 - 4K-HDR SUMMIT","description":"La 4K HDR Summit de M\u00e1laga se consolida como el evento estrella del 4K y 8K a nivel mundial y anuncia ya su 9\u00aa edici\u00f3n para el 13 de noviembre de 2023","robots":{"index":"index","follow":"follow","max-snippet":"max-snippet:-1","max-image-preview":"max-image-preview:large","max-video-preview":"max-video-preview:-1"},"canonical":"https:\/\/www.4ksummit.com\/es\/la-4k-hdr-summit-de-malaga-se-consolida-como-el-evento-estrella-del-4k-y-8k-a-nivel-mundial-y-anuncia-ya-su-9a-edicion-para-el-13-de-noviembre-de-2023\/","og_locale":"es_ES","og_type":"article","og_title":"La 4K HDR Summit de M\u00e1laga se consolida como el evento estrella del 4K y 8K a nivel mundial y anuncia ya su 9\u00aa edici\u00f3n para el 13 de noviembre de 2023 - 4K-HDR SUMMIT","og_description":"La 4K HDR Summit de M\u00e1laga se consolida como el evento estrella del 4K y 8K a nivel mundial y anuncia ya su 9\u00aa edici\u00f3n para el 13 de noviembre de 2023","og_url":"https:\/\/www.4ksummit.com\/es\/la-4k-hdr-summit-de-malaga-se-consolida-como-el-evento-estrella-del-4k-y-8k-a-nivel-mundial-y-anuncia-ya-su-9a-edicion-para-el-13-de-noviembre-de-2023\/","og_site_name":"4K-HDR SUMMIT","article_published_time":"2022-11-24T09:26:15+00:00","og_image":[{"width":1600,"height":1068,"url":"https:\/\/www.4ksummit.com\/wp-content\/uploads\/2022\/11\/WhatsApp-Image-2022-11-22-at-17.10.00.jpeg","type":"image\/jpeg"}],"author":"G","twitter_card":"summary_large_image","twitter_misc":{"Escrito por":"G","Tiempo de lectura":"6 minutos"},"schema":{"@context":"https:\/\/schema.org","@graph":[{"@type":"Article","@id":"https:\/\/www.4ksummit.com\/es\/la-4k-hdr-summit-de-malaga-se-consolida-como-el-evento-estrella-del-4k-y-8k-a-nivel-mundial-y-anuncia-ya-su-9a-edicion-para-el-13-de-noviembre-de-2023\/#article","isPartOf":{"@id":"https:\/\/www.4ksummit.com\/es\/la-4k-hdr-summit-de-malaga-se-consolida-como-el-evento-estrella-del-4k-y-8k-a-nivel-mundial-y-anuncia-ya-su-9a-edicion-para-el-13-de-noviembre-de-2023\/"},"author":{"name":"G","@id":"https:\/\/www.4ksummit.com\/#\/schema\/person\/183f3cf4328bbb849d8b4db5eeb5ac7e"},"headline":"La 4K HDR Summit de M\u00e1laga se consolida como el evento estrella del 4K y 8K a nivel mundial y anuncia ya su 9\u00aa edici\u00f3n para el 13 de noviembre de 2023","datePublished":"2022-11-24T09:26:15+00:00","mainEntityOfPage":{"@id":"https:\/\/www.4ksummit.com\/es\/la-4k-hdr-summit-de-malaga-se-consolida-como-el-evento-estrella-del-4k-y-8k-a-nivel-mundial-y-anuncia-ya-su-9a-edicion-para-el-13-de-noviembre-de-2023\/"},"wordCount":1247,"publisher":{"@id":"https:\/\/www.4ksummit.com\/#organization"},"image":{"@id":"https:\/\/www.4ksummit.com\/es\/la-4k-hdr-summit-de-malaga-se-consolida-como-el-evento-estrella-del-4k-y-8k-a-nivel-mundial-y-anuncia-ya-su-9a-edicion-para-el-13-de-noviembre-de-2023\/#primaryimage"},"thumbnailUrl":"https:\/\/www.4ksummit.com\/wp-content\/uploads\/2022\/11\/WhatsApp-Image-2022-11-22-at-17.10.00.jpeg","keywords":["4K HDR Summit de M\u00e1laga"],"articleSection":["4K International"],"inLanguage":"es"},{"@type":"WebPage","@id":"https:\/\/www.4ksummit.com\/es\/la-4k-hdr-summit-de-malaga-se-consolida-como-el-evento-estrella-del-4k-y-8k-a-nivel-mundial-y-anuncia-ya-su-9a-edicion-para-el-13-de-noviembre-de-2023\/","url":"https:\/\/www.4ksummit.com\/es\/la-4k-hdr-summit-de-malaga-se-consolida-como-el-evento-estrella-del-4k-y-8k-a-nivel-mundial-y-anuncia-ya-su-9a-edicion-para-el-13-de-noviembre-de-2023\/","name":"La 4K HDR Summit de M\u00e1laga se consolida como el evento estrella del 4K y 8K a nivel mundial y anuncia ya su 9\u00aa edici\u00f3n para el 13 de noviembre de 2023 - 4K-HDR SUMMIT","isPartOf":{"@id":"https:\/\/www.4ksummit.com\/#website"},"primaryImageOfPage":{"@id":"https:\/\/www.4ksummit.com\/es\/la-4k-hdr-summit-de-malaga-se-consolida-como-el-evento-estrella-del-4k-y-8k-a-nivel-mundial-y-anuncia-ya-su-9a-edicion-para-el-13-de-noviembre-de-2023\/#primaryimage"},"image":{"@id":"https:\/\/www.4ksummit.com\/es\/la-4k-hdr-summit-de-malaga-se-consolida-como-el-evento-estrella-del-4k-y-8k-a-nivel-mundial-y-anuncia-ya-su-9a-edicion-para-el-13-de-noviembre-de-2023\/#primaryimage"},"thumbnailUrl":"https:\/\/www.4ksummit.com\/wp-content\/uploads\/2022\/11\/WhatsApp-Image-2022-11-22-at-17.10.00.jpeg","datePublished":"2022-11-24T09:26:15+00:00","description":"La 4K HDR Summit de M\u00e1laga se consolida como el evento estrella del 4K y 8K a nivel mundial y anuncia ya su 9\u00aa edici\u00f3n para el 13 de noviembre de 2023","breadcrumb":{"@id":"https:\/\/www.4ksummit.com\/es\/la-4k-hdr-summit-de-malaga-se-consolida-como-el-evento-estrella-del-4k-y-8k-a-nivel-mundial-y-anuncia-ya-su-9a-edicion-para-el-13-de-noviembre-de-2023\/#breadcrumb"},"inLanguage":"es","potentialAction":[{"@type":"ReadAction","target":["https:\/\/www.4ksummit.com\/es\/la-4k-hdr-summit-de-malaga-se-consolida-como-el-evento-estrella-del-4k-y-8k-a-nivel-mundial-y-anuncia-ya-su-9a-edicion-para-el-13-de-noviembre-de-2023\/"]}]},{"@type":"ImageObject","inLanguage":"es","@id":"https:\/\/www.4ksummit.com\/es\/la-4k-hdr-summit-de-malaga-se-consolida-como-el-evento-estrella-del-4k-y-8k-a-nivel-mundial-y-anuncia-ya-su-9a-edicion-para-el-13-de-noviembre-de-2023\/#primaryimage","url":"https:\/\/www.4ksummit.com\/wp-content\/uploads\/2022\/11\/WhatsApp-Image-2022-11-22-at-17.10.00.jpeg","contentUrl":"https:\/\/www.4ksummit.com\/wp-content\/uploads\/2022\/11\/WhatsApp-Image-2022-11-22-at-17.10.00.jpeg","width":1600,"height":1068},{"@type":"BreadcrumbList","@id":"https:\/\/www.4ksummit.com\/es\/la-4k-hdr-summit-de-malaga-se-consolida-como-el-evento-estrella-del-4k-y-8k-a-nivel-mundial-y-anuncia-ya-su-9a-edicion-para-el-13-de-noviembre-de-2023\/#breadcrumb","itemListElement":[{"@type":"ListItem","position":1,"name":"Portada","item":"https:\/\/www.4ksummit.com\/es\/"},{"@type":"ListItem","position":2,"name":"La 4K HDR Summit de M\u00e1laga se consolida como el evento estrella del 4K y 8K a nivel mundial y anuncia ya su 9\u00aa edici\u00f3n para el 13 de noviembre de 2023"}]},{"@type":"WebSite","@id":"https:\/\/www.4ksummit.com\/#website","url":"https:\/\/www.4ksummit.com\/","name":"4K-HDR SUMMIT","description":"2018","publisher":{"@id":"https:\/\/www.4ksummit.com\/#organization"},"potentialAction":[{"@type":"SearchAction","target":{"@type":"EntryPoint","urlTemplate":"https:\/\/www.4ksummit.com\/?s={search_term_string}"},"query-input":{"@type":"PropertyValueSpecification","valueRequired":true,"valueName":"search_term_string"}}],"inLanguage":"es"},{"@type":"Organization","@id":"https:\/\/www.4ksummit.com\/#organization","name":"4K-UHD SUMMIT","url":"https:\/\/www.4ksummit.com\/","logo":{"@type":"ImageObject","inLanguage":"es","@id":"https:\/\/www.4ksummit.com\/#\/schema\/logo\/image\/","url":"https:\/\/www.4ksummit.com\/wp-content\/uploads\/2020\/05\/4ksummit.png","contentUrl":"https:\/\/www.4ksummit.com\/wp-content\/uploads\/2020\/05\/4ksummit.png","width":600,"height":246,"caption":"4K-UHD SUMMIT"},"image":{"@id":"https:\/\/www.4ksummit.com\/#\/schema\/logo\/image\/"}},{"@type":"Person","@id":"https:\/\/www.4ksummit.com\/#\/schema\/person\/183f3cf4328bbb849d8b4db5eeb5ac7e","name":"G"}]}},"_links":{"self":[{"href":"https:\/\/www.4ksummit.com\/es\/wp-json\/wp\/v2\/posts\/25481","targetHints":{"allow":["GET"]}}],"collection":[{"href":"https:\/\/www.4ksummit.com\/es\/wp-json\/wp\/v2\/posts"}],"about":[{"href":"https:\/\/www.4ksummit.com\/es\/wp-json\/wp\/v2\/types\/post"}],"author":[{"embeddable":true,"href":"https:\/\/www.4ksummit.com\/es\/wp-json\/wp\/v2\/users\/4"}],"replies":[{"embeddable":true,"href":"https:\/\/www.4ksummit.com\/es\/wp-json\/wp\/v2\/comments?post=25481"}],"version-history":[{"count":0,"href":"https:\/\/www.4ksummit.com\/es\/wp-json\/wp\/v2\/posts\/25481\/revisions"}],"wp:featuredmedia":[{"embeddable":true,"href":"https:\/\/www.4ksummit.com\/es\/wp-json\/wp\/v2\/media\/25491"}],"wp:attachment":[{"href":"https:\/\/www.4ksummit.com\/es\/wp-json\/wp\/v2\/media?parent=25481"}],"wp:term":[{"taxonomy":"category","embeddable":true,"href":"https:\/\/www.4ksummit.com\/es\/wp-json\/wp\/v2\/categories?post=25481"},{"taxonomy":"post_tag","embeddable":true,"href":"https:\/\/www.4ksummit.com\/es\/wp-json\/wp\/v2\/tags?post=25481"}],"curies":[{"name":"wp","href":"https:\/\/api.w.org\/{rel}","templated":true}]}}