{"id":17515,"date":"2021-11-02T14:48:24","date_gmt":"2021-11-02T13:48:24","guid":{"rendered":"https:\/\/www.4ksummit.com\/?p=17515"},"modified":"2022-10-17T15:52:54","modified_gmt":"2022-10-17T13:52:54","slug":"4khdr-summit-publica-la-agenda-hibrida-de-los-5-dias-y-abre-las-inscripciones","status":"publish","type":"post","link":"https:\/\/www.4ksummit.com\/es\/4khdr-summit-publica-la-agenda-hibrida-de-los-5-dias-y-abre-las-inscripciones\/","title":{"rendered":"4KHDR SUMMIT PUBLICA LA AGENDA H\u00cdBRIDA DE LOS 5 D\u00cdAS Y ABRE LAS INSCRIPCIONES"},"content":{"rendered":"<blockquote><p>La cumbre internacional especializada en Ultra Alta Definici\u00f3n m\u00e1s importante del mundo, ha abierto hoy su registro de inscripciones y ha publicado su agenda h\u00edbrida de cinco d\u00edas, cuya primera jornada ser\u00e1 presencial el 15 de noviembre en M\u00e1laga y que de nuevo albergar\u00e1 su cl\u00e1sico \u201cPresidents\u2019 Day\u201d, el \u00fanico momento en el que se juntan los principales ejecutivos de las tres grandes asociaciones mundiales del 4K y del 8K.<\/p><\/blockquote>\n<p>El <a href=\"https:\/\/www.polodigital.eu\/\" target=\"_blank\" rel=\"noopener\" data-cke-saved-href=\"https:\/\/www.polodigital.eu\/\">Polo Nacional de Contenidos Digitales de M\u00e1laga<\/a> volver\u00e1 a albergar la 4K-HDR Summit, que aumenta de tres a cinco d\u00edas su agenda y que el<strong> lunes 15 de noviembre<\/strong> supondr\u00e1 el reencuentro presencial de las grandes empresas, directivos, ingenieros, productores y responsables en general del UHD en Espa\u00f1a.<\/p>\n<p>El primer d\u00eda, y para fomentar el networking (dentro de las limitaciones que imponen las normas anti COVID), la agenda del evento organizado por <a href=\"https:\/\/www.medinamediaevents.com\/es\/\" target=\"_blank\" rel=\"noopener\" data-cke-saved-href=\"https:\/\/www.medinamediaevents.com\/es\/\">Medina Media Events <\/a>ha abierto tres franjas de networking a lo largo de la ma\u00f1ana y de la tarde, adem\u00e1s del c\u00f3ctel de mediod\u00eda.<\/p>\n<h2>LUNES 15 DE NOVIEMBRE<\/h2>\n<p>Adem\u00e1s de los saludos de las autoridades, el lunes 15 de noviembre la <strong>asociaci\u00f3n UHD Spain celebrar\u00e1 su primera asamblea anual <\/strong>en la que los 30 socios que la fundaron en enero dar\u00e1n la bienvenida a los nuevos socios\u00a0 y presentar\u00e1n el <strong>Libro Blanco del UHD en Espa\u00f1a,<\/strong> que ha sido coordinado por el catedr\u00e1tico Jos\u00e9 Manuel Men\u00e9ndez, de la Universidad Polit\u00e9cnica de Madrid (UPM).<\/p>\n<p>Los 30 socios fundadores de <a href=\"https:\/\/www.uhdspain.com\/\" target=\"_blank\" rel=\"noopener\" data-cke-saved-href=\"https:\/\/www.uhdspain.com\/\">UHD Spain <\/a>fueron: Grupo ADM, Ametic, Ateme, AtresMedia, Axi\u00f3n, Canon, Cellnex, Dolby, Drago\/Secuoya, Egatel, Fecotel, Fenitel, Fraunhofer, Gsertel, Grupo Henneo, Hispasat, Hur\u00ed, Lavinia, Mediapro, Medina Media, RTVE, Rohde &amp; Schwarz, Sapec, Tedial, Telecom CLM, Telev\u00e9s, TRedess, UTECA, Vestel y la Universidad Polit\u00e9cnica de Madrid (UPM).<\/p>\n<p>Entre los nuevos socios y colaboradores estar\u00e1n la FORTA, CCMA-TV3, Canal Sur Radio y Televisi\u00f3n, Video-Mos, Synamedia y el Colegio Oficial de Ingenieros T\u00e9cnicos de Telecomunicaciones (COITT).<\/p>\n<p>En el Polo Nacional de Contenidos Digitales de M\u00e1laga tambi\u00e9n habr\u00e1 una <strong>zona de demos en la que la Asociaci\u00f3n UHD Spain presentar\u00e1 las emisiones que desde junio est\u00e1 realizando en 40 ciudades<\/strong> de toda Espa\u00f1a de dos canales demostrativos en 4K (SDR y HDR), las recepciones por sat\u00e9lite y el \u201cstreaming\u201d del canal en pruebas que potencialmente ya podr\u00edan ver por TDT m\u00e1s del 50% y por Internet el 100% de la poblaci\u00f3n espa\u00f1ola.<\/p>\n<p>Por la tarde, los<strong> coordinadores de los grupos de trabajo de UHD Spain presentar\u00e1n las actividades realizadas este a\u00f1o y las previstas para 2022<\/strong> en Captaci\u00f3n (Yeray Alfageme), PostProducci\u00f3n (Xavier Bonet), Codificaci\u00f3n (Elena Burdiel), Emisi\u00f3n (Xavier Red\u00f3n), Recepci\u00f3n (Sonia Valladares) y Pruebas T\u00e9cnicas (Miguel \u00c1ngel Crist\u00f3bal).<\/p>\n<h2>MARTES 16 DE NOVIEMBRE<\/h2>\n<p>El segundo d\u00eda, el <strong>martes 16 de noviembre<\/strong>, ya de <strong>forma virtual<\/strong> como el resto de los d\u00edas, ser\u00e1 abierto por <strong>Mar\u00eda R\u00faa Aguete, directora de la consultora brit\u00e1nica Omdia,<\/strong> para presentar un informe exclusivo sobre el desarrollo del 4K y del 8K a nivel mundial.<\/p>\n<p>Tambi\u00e9n multinacionales como <strong>Dolby <\/strong>(Jason Power), <strong>Ateme <\/strong>(Micka\u00ebl Raulet),\u00a0 <strong>Synamedia<\/strong> (Nick Fielibert), <strong>Tedial <\/strong>(Juli\u00e1n Fern\u00e1ndez-Camp\u00f3n), <strong>Fraunhofer <\/strong>(Adrian Murtaza y Elena Burdiel) y <strong>Vestel<\/strong> (Baris Altinkaya) har\u00e1n sus presentaciones como <strong>patrocinadores de oro de la 4KHDR Summit<\/strong> en la segunda jornada.<\/p>\n<p>La <strong>BBC cerrar\u00e1 la primera jornada virtual <\/strong>con la presentaci\u00f3n a cargo del productor Colin Jackson, de la prestigios\u00edsima Unidad de Historia Natural de la televisi\u00f3n p\u00fablica brit\u00e1nica.<\/p>\n<h2>MI\u00c9RCOLES 17 DE NOVIEMBRE<\/h2>\n<p>La tercera jornada, el mi\u00e9rcoles 17 de noviembre, estar\u00e1 <strong>dedicada a los Deportes, a las soluciones de Software, a los fabricantes y al 5G.<\/strong><\/p>\n<p><strong>OBS,<\/strong> la productora del Comit\u00e9 Ol\u00edmpico Internacional (COI), ser\u00e1 la encargada de abrir la jornada con su Director de Ingenier\u00eda, Isidoro Moreno, y su responsable de Ingenier\u00eda de Broadcast, Guillermo Jim\u00e9nez, para explicar detalles y avances en la producci\u00f3n de los Juegos Ol\u00edmpicos y Paral\u00edmpicos de Tokio 2020, el mayor evento deportivo de este a\u00f1o y el primero de la historia en el que la Ultra Alta Definici\u00f3n (UHD) ha sido el est\u00e1ndar para televisi\u00f3n.<\/p>\n<p>A continuaci\u00f3n, el <strong>responsable de la producci\u00f3n en 8K en Tokio 2020<\/strong> <strong>de la televisi\u00f3n p\u00fablica japonesa NHK<\/strong> (Atsuhiro Hirao) detallar\u00e1 las dificultades y descubrimientos que han tenido en la producci\u00f3n de las 300 horas que han generado en 8K.<\/p>\n<p>La agencia espacial estadounidense <strong>NASA<\/strong> tambi\u00e9n estar\u00e1 presente un a\u00f1o m\u00e1s en la 4KHDR Summit, con su responsable de Im\u00e1genes, Carlos Fontanot, quien mostrar\u00e1 los \u00faltimos avances con las nuevas c\u00e1maras utilizadas en la misi\u00f3n a Marte y en la Estaci\u00f3n Espacial Internacional (ISS).<\/p>\n<p>El 5G y la UHD ser\u00e1n los elementos comunes a las ponencias de la finlandesa\u00a0<strong>NOKIA<\/strong> (Pablo P\u00e9rez) y de la alemana <strong>Rohde &amp; Schwarz<\/strong> (Thomas Loichinger), que hablar\u00e1 del proyecto que est\u00e1n desarrollando en los estadios brit\u00e1nicos para mejorar la experiencia de los fans en los partidos de f\u00fatbol y en los conciertos masivos.<\/p>\n<p>Tambi\u00e9n otros patrocinadores de la 4KHDR Summit como <strong>Canon<\/strong> (Aron Randhawa), <strong>Eutelsat<\/strong> (Cristiano Benzi), <strong>Hispasat <\/strong>(Jorge Rodr\u00edguez) y <strong>Cellnex<\/strong> (Jos\u00e9 Manuel Sanz) completar\u00e1n la agenda del tercer d\u00eda, que se cerrar\u00e1 con un<strong> homenaje p\u00f3stumo a Luis G. Calle, q<\/strong>uien fue Vicepresidente de Operaciones, Noticias y Deportes de la colombiana<strong> Caracol Televisi\u00f3n,<\/strong> gran impulsor de las Nuevas Tecnolog\u00edas en la televisi\u00f3n en Estados Unidos y Latinoam\u00e9rica, y que falleci\u00f3 el pasado diciembre en Bogot\u00e1.<\/p>\n<h2>JUEVES 18 DE NOVIEMBRE<\/h2>\n<p>El cuarto d\u00eda, llamado <strong>\u201cPresidents\u2019 Day\u201d,<\/strong> ser\u00e1 abierto por el <strong>Presidente del Consejo de Administraci\u00f3n de la Radio Televisi\u00f3n de Andaluc\u00eda (RTVA), Rafael Porras,<\/strong> que como cadena anfitriona del evento tradicionalmente da la bienvenida a los presidentes y m\u00e1ximo ejecutivos que participan en esta cita anual \u00fanica en el mundo audiovisual.<\/p>\n<p>El nuevo <strong>presidente del Ultra HD Forum, Nandhu Nandhakumar, <\/strong>elegido en abril, ser\u00e1 quien abra el turno de los m\u00e1ximos responsables de las tres organizaciones mundiales del 4K y del 8K. Le seguir\u00e1 el <strong>presidente de la UHD Alliance, Michael Zink, <\/strong>y el<strong> Director Ejecutivo de la 8K Association, Chris Chinnock.<\/strong><\/p>\n<p>Despu\u00e9s de sus presentaciones, Nandhakumar, Zink y Chinnock protagonizar\u00e1n un panel, en el que pondr\u00e1n en com\u00fan la situaci\u00f3n actual de la Ultra Alta Definici\u00f3n a nivel mundial y dar\u00e1n la bienvenida a UHD Spain, a la que apadrinaron en su concepci\u00f3n las tres asociaciones, siendo la asociaci\u00f3n espa\u00f1ola la primera que cuenta desde su nacimiento con este apadrinamiento m\u00faltiple, y que ha situado a Espa\u00f1a al mismo nivel organizativo en UHD que Italia, Francia, Alemania y Gran Breta\u00f1a.<\/p>\n<p>Este encuentro entre los presidentes del Ultra HD Forum, la UHD Alliance y la 8K Association, que convoca anualmente y modera <strong>Ricardo Medina (Medina Media) <\/strong>es la \u00fanica vez al a\u00f1o que los tres se juntan, lo que da muestra del nivel de reconocimiento y respeto internacional que tienen la 4K-HDR Summit, que el a\u00f1o que viene pretende ampliar el n\u00famero de jornadas presenciales en M\u00e1laga.<\/p>\n<p>Adem\u00e1s, la agenda de este jueves 18 de Noviembre\u00a0ofrecer\u00e1 la participaci\u00f3n de los presidentes y fundadores de cuatro de las productoras de contenidos en UHD m\u00e1s importantes del mundo: <strong>The Explorers<\/strong> (Olivier Chiabodo), <strong>Travel XP<\/strong> (Prashant Chothani), <strong>Saint Thomas Productions\u00a0<\/strong>(Bertrand Loyer) y <strong>Paramax Films<\/strong> (Amos Rozenberg), quienes ofrecer\u00e1n res\u00famenes de sus \u00faltimas obras en 4K y en 8K.<\/p>\n<p>El broche final a este \u201cPresidents\u2019 Day\u201d lo pondr\u00e1 <strong>Paul Gray, consultor principal de Omdia,<\/strong> para hacer, como hace habitualmente, el resumen y las conclusiones de esta s\u00e9ptima edici\u00f3n de la 4K-HDR Summit.<\/p>\n<h2>VIERNES 19 DE NOVIEMBRE<\/h2>\n<p>El \u00faltimo d\u00eda de la 4K-HDR Summit, que este a\u00f1o tiene un marcado acento espa\u00f1ol, estar\u00e1 dedicado a la <strong>Ultra Alta Definici\u00f3n en Espa\u00f1a y a su asociaci\u00f3n UHD Spain.<\/strong><\/p>\n<p>La jornada la abrir\u00e1 <strong>Francisco Hurtado, Director T\u00e9cnico de Axi\u00f3n,<\/strong> recientemente adquirida por Asterion, el principal fondo de capital riesgo espa\u00f1ol en el campo de las telecos, y que dar\u00e1 paso al informe de <strong>Antonio Fern\u00e1ndez-Paniagua, del Ministerio de Asuntos Econ\u00f3micos y de Transformaci\u00f3n Digital,<\/strong> que har\u00e1 un repaso de c\u00f3mo est\u00e1 actualmente el panorama de la UHD en Espa\u00f1a y sus perspectivas de implantaci\u00f3n.<\/p>\n<p>A continuaci\u00f3n ser\u00e1 el momento en el que los miembros de la Junta Directiva de UHD Spain, encabezados por su presidente <strong>Pere Vila (RTVE),<\/strong> compartan con los asistentes a la 4KHDR Summit lo que se ha hecho desde su fundaci\u00f3n el 26 de enero y los objetivos cara a 2022.<\/p>\n<p>El <strong>vicepresidente Xavi Red\u00f3n (Cellnex),<\/strong> as\u00ed como los <strong>vocales Emili Planas<\/strong> (Mediapro), <strong>Jorge Rodr\u00edguez<\/strong> (Hispasat), <strong>Eduardo Valencia <\/strong>(Ametic) y<strong> Mar\u00eda Medina<\/strong> (Medina Media) ofrecer\u00e1n sendos informes con el fin de animar a las empresas y profesionales espa\u00f1oles interesados en la Ultra Alta Definici\u00f3n a sumarse a la Asociaci\u00f3n y a sus grupos de trabajo.<\/p>\n<p>Tambi\u00e9n en la \u00faltima jornada de la 4KHDR Summit, el <strong>Libro Blanco<\/strong> ser\u00e1 protagonista y el colorista Chema Abad (Deluxe), por invitaci\u00f3n de Dolby, ofrecer\u00e1 su visi\u00f3n sobre lo que supone el HDR para los profesionales de la postproducci\u00f3n en cine, televisi\u00f3n y publicidad.<\/p>\n<p>La s\u00e9ptima edici\u00f3n de la 4K-HDR Summit ser\u00e1 <strong>clausurada por Yolanda Aguilar, directora general de FYCMA (Ferias y Congresos de M\u00e1laga),<\/strong> en nombre de M\u00e1laga y del Polo Nacional de Contenidos Digitales, y la organizaci\u00f3n anunciar\u00e1 las fechas de la octava edici\u00f3n, en 2022.<\/p>\n<p>Los inscritos a la 4K HDR Summit 2021 podr\u00e1n seguir las sesiones por streaming, adem\u00e1s de consultar demos online, asistir a webinars exclusivos y hacer networking a trav\u00e9s de v\u00eddeo reuniones con ponentes y participantes, a trav\u00e9s de la plataforma virtual creada por Medina Media Events.<\/p>\n<p dir=\"ltr\">La s\u00e9ptima edici\u00f3n de la 4K HDR Summit est\u00e1 patrocinada por: Polo Nacional de Contenidos Digitales, Ayuntamiento de M\u00e1laga, Synamedia, Dolby, Ateme, Fraunhofer, Tedial, Canal Sur Radio y Televisi\u00f3n, Canon, Eutelsat, Axi\u00f3n, Cellnex, Rohde &amp; Schwarz, Hispasat, Nokia, Vestel, Toshiba, JVC, Hitachi, SONO, UHD Spain y Europa Creativa Media Andaluc\u00eda.<\/p>\n<p>&nbsp;<\/p>\n","protected":false},"excerpt":{"rendered":"<p>La cumbre internacional especializada en Ultra Alta Definici\u00f3n m\u00e1s importante del mundo, ha abierto hoy su registro de inscripciones y ha publicado su agenda h\u00edbrida de cinco d\u00edas, cuya primera jornada ser\u00e1 presencial el 15 de noviembre en M\u00e1laga y que de nuevo albergar\u00e1 su cl\u00e1sico \u201cPresidents\u2019 Day\u201d, el \u00fanico momento en el que se [&hellip;]<\/p>\n","protected":false},"author":4,"featured_media":17516,"comment_status":"closed","ping_status":"closed","sticky":false,"template":"","format":"standard","meta":{"_acf_changed":false,"footnotes":""},"categories":[171],"tags":[144],"class_list":["post-17515","post","type-post","status-publish","format-standard","has-post-thumbnail","hentry","category-4k-spain","tag-4khdr-summit"],"acf":[],"yoast_head":"<!-- This site is optimized with the Yoast SEO plugin v27.5 - https:\/\/yoast.com\/product\/yoast-seo-wordpress\/ -->\n<title>4K-HDR SUMMIT publica su agenda de los 5 d\u00edas y abre las inscripciones<\/title>\n<meta name=\"description\" content=\"La cumbre internacional 4KHDR Summit ha abierto hoy su registro de inscripciones y ha publicado su agenda h\u00edbrida de cinco d\u00edas.\" \/>\n<meta name=\"robots\" content=\"index, follow, max-snippet:-1, max-image-preview:large, max-video-preview:-1\" \/>\n<link rel=\"canonical\" href=\"https:\/\/www.4ksummit.com\/es\/4khdr-summit-publica-la-agenda-hibrida-de-los-5-dias-y-abre-las-inscripciones\/\" \/>\n<meta property=\"og:locale\" content=\"es_ES\" \/>\n<meta property=\"og:type\" content=\"article\" \/>\n<meta property=\"og:title\" content=\"4K-HDR SUMMIT publica su agenda de los 5 d\u00edas y abre las inscripciones\" \/>\n<meta property=\"og:description\" content=\"La cumbre internacional 4KHDR Summit ha abierto hoy su registro de inscripciones y ha publicado su agenda h\u00edbrida de cinco d\u00edas.\" \/>\n<meta property=\"og:url\" content=\"https:\/\/www.4ksummit.com\/es\/4khdr-summit-publica-la-agenda-hibrida-de-los-5-dias-y-abre-las-inscripciones\/\" \/>\n<meta property=\"og:site_name\" content=\"4K-HDR SUMMIT\" \/>\n<meta property=\"article:published_time\" content=\"2021-11-02T13:48:24+00:00\" \/>\n<meta property=\"article:modified_time\" content=\"2022-10-17T13:52:54+00:00\" \/>\n<meta property=\"og:image\" content=\"https:\/\/www.4ksummit.com\/wp-content\/uploads\/2021\/11\/fondo_VIRTUAL_4K-Summit_abre-inscripciones.jpg\" \/>\n\t<meta property=\"og:image:width\" content=\"1500\" \/>\n\t<meta property=\"og:image:height\" content=\"608\" \/>\n\t<meta property=\"og:image:type\" content=\"image\/jpeg\" \/>\n<meta name=\"author\" content=\"G\" \/>\n<meta name=\"twitter:card\" content=\"summary_large_image\" \/>\n<meta name=\"twitter:label1\" content=\"Escrito por\" \/>\n\t<meta name=\"twitter:data1\" content=\"G\" \/>\n\t<meta name=\"twitter:label2\" content=\"Tiempo de lectura\" \/>\n\t<meta name=\"twitter:data2\" content=\"8 minutos\" \/>\n<script type=\"application\/ld+json\" class=\"yoast-schema-graph\">{\"@context\":\"https:\\\/\\\/schema.org\",\"@graph\":[{\"@type\":\"Article\",\"@id\":\"https:\\\/\\\/www.4ksummit.com\\\/es\\\/4khdr-summit-publica-la-agenda-hibrida-de-los-5-dias-y-abre-las-inscripciones\\\/#article\",\"isPartOf\":{\"@id\":\"https:\\\/\\\/www.4ksummit.com\\\/es\\\/4khdr-summit-publica-la-agenda-hibrida-de-los-5-dias-y-abre-las-inscripciones\\\/\"},\"author\":{\"name\":\"G\",\"@id\":\"https:\\\/\\\/www.4ksummit.com\\\/#\\\/schema\\\/person\\\/183f3cf4328bbb849d8b4db5eeb5ac7e\"},\"headline\":\"4KHDR SUMMIT PUBLICA LA AGENDA H\u00cdBRIDA DE LOS 5 D\u00cdAS Y ABRE LAS INSCRIPCIONES\",\"datePublished\":\"2021-11-02T13:48:24+00:00\",\"dateModified\":\"2022-10-17T13:52:54+00:00\",\"mainEntityOfPage\":{\"@id\":\"https:\\\/\\\/www.4ksummit.com\\\/es\\\/4khdr-summit-publica-la-agenda-hibrida-de-los-5-dias-y-abre-las-inscripciones\\\/\"},\"wordCount\":1770,\"publisher\":{\"@id\":\"https:\\\/\\\/www.4ksummit.com\\\/#organization\"},\"image\":{\"@id\":\"https:\\\/\\\/www.4ksummit.com\\\/es\\\/4khdr-summit-publica-la-agenda-hibrida-de-los-5-dias-y-abre-las-inscripciones\\\/#primaryimage\"},\"thumbnailUrl\":\"https:\\\/\\\/www.4ksummit.com\\\/wp-content\\\/uploads\\\/2021\\\/11\\\/fondo_VIRTUAL_4K-Summit_abre-inscripciones.jpg\",\"keywords\":[\"4KHDR Summit\"],\"articleSection\":[\"4k Spain\"],\"inLanguage\":\"es\"},{\"@type\":\"WebPage\",\"@id\":\"https:\\\/\\\/www.4ksummit.com\\\/es\\\/4khdr-summit-publica-la-agenda-hibrida-de-los-5-dias-y-abre-las-inscripciones\\\/\",\"url\":\"https:\\\/\\\/www.4ksummit.com\\\/es\\\/4khdr-summit-publica-la-agenda-hibrida-de-los-5-dias-y-abre-las-inscripciones\\\/\",\"name\":\"4K-HDR SUMMIT publica su agenda de los 5 d\u00edas y abre las inscripciones\",\"isPartOf\":{\"@id\":\"https:\\\/\\\/www.4ksummit.com\\\/#website\"},\"primaryImageOfPage\":{\"@id\":\"https:\\\/\\\/www.4ksummit.com\\\/es\\\/4khdr-summit-publica-la-agenda-hibrida-de-los-5-dias-y-abre-las-inscripciones\\\/#primaryimage\"},\"image\":{\"@id\":\"https:\\\/\\\/www.4ksummit.com\\\/es\\\/4khdr-summit-publica-la-agenda-hibrida-de-los-5-dias-y-abre-las-inscripciones\\\/#primaryimage\"},\"thumbnailUrl\":\"https:\\\/\\\/www.4ksummit.com\\\/wp-content\\\/uploads\\\/2021\\\/11\\\/fondo_VIRTUAL_4K-Summit_abre-inscripciones.jpg\",\"datePublished\":\"2021-11-02T13:48:24+00:00\",\"dateModified\":\"2022-10-17T13:52:54+00:00\",\"description\":\"La cumbre internacional 4KHDR Summit ha abierto hoy su registro de inscripciones y ha publicado su agenda h\u00edbrida de cinco d\u00edas.\",\"breadcrumb\":{\"@id\":\"https:\\\/\\\/www.4ksummit.com\\\/es\\\/4khdr-summit-publica-la-agenda-hibrida-de-los-5-dias-y-abre-las-inscripciones\\\/#breadcrumb\"},\"inLanguage\":\"es\",\"potentialAction\":[{\"@type\":\"ReadAction\",\"target\":[\"https:\\\/\\\/www.4ksummit.com\\\/es\\\/4khdr-summit-publica-la-agenda-hibrida-de-los-5-dias-y-abre-las-inscripciones\\\/\"]}]},{\"@type\":\"ImageObject\",\"inLanguage\":\"es\",\"@id\":\"https:\\\/\\\/www.4ksummit.com\\\/es\\\/4khdr-summit-publica-la-agenda-hibrida-de-los-5-dias-y-abre-las-inscripciones\\\/#primaryimage\",\"url\":\"https:\\\/\\\/www.4ksummit.com\\\/wp-content\\\/uploads\\\/2021\\\/11\\\/fondo_VIRTUAL_4K-Summit_abre-inscripciones.jpg\",\"contentUrl\":\"https:\\\/\\\/www.4ksummit.com\\\/wp-content\\\/uploads\\\/2021\\\/11\\\/fondo_VIRTUAL_4K-Summit_abre-inscripciones.jpg\",\"width\":1500,\"height\":608,\"caption\":\"4K-Summit_abre-inscripciones\"},{\"@type\":\"BreadcrumbList\",\"@id\":\"https:\\\/\\\/www.4ksummit.com\\\/es\\\/4khdr-summit-publica-la-agenda-hibrida-de-los-5-dias-y-abre-las-inscripciones\\\/#breadcrumb\",\"itemListElement\":[{\"@type\":\"ListItem\",\"position\":1,\"name\":\"Portada\",\"item\":\"https:\\\/\\\/www.4ksummit.com\\\/es\\\/\"},{\"@type\":\"ListItem\",\"position\":2,\"name\":\"4KHDR SUMMIT PUBLICA LA AGENDA H\u00cdBRIDA DE LOS 5 D\u00cdAS Y ABRE LAS INSCRIPCIONES\"}]},{\"@type\":\"WebSite\",\"@id\":\"https:\\\/\\\/www.4ksummit.com\\\/#website\",\"url\":\"https:\\\/\\\/www.4ksummit.com\\\/\",\"name\":\"4K-HDR SUMMIT\",\"description\":\"2018\",\"publisher\":{\"@id\":\"https:\\\/\\\/www.4ksummit.com\\\/#organization\"},\"potentialAction\":[{\"@type\":\"SearchAction\",\"target\":{\"@type\":\"EntryPoint\",\"urlTemplate\":\"https:\\\/\\\/www.4ksummit.com\\\/?s={search_term_string}\"},\"query-input\":{\"@type\":\"PropertyValueSpecification\",\"valueRequired\":true,\"valueName\":\"search_term_string\"}}],\"inLanguage\":\"es\"},{\"@type\":\"Organization\",\"@id\":\"https:\\\/\\\/www.4ksummit.com\\\/#organization\",\"name\":\"4K-UHD SUMMIT\",\"url\":\"https:\\\/\\\/www.4ksummit.com\\\/\",\"logo\":{\"@type\":\"ImageObject\",\"inLanguage\":\"es\",\"@id\":\"https:\\\/\\\/www.4ksummit.com\\\/#\\\/schema\\\/logo\\\/image\\\/\",\"url\":\"https:\\\/\\\/www.4ksummit.com\\\/wp-content\\\/uploads\\\/2020\\\/05\\\/4ksummit.png\",\"contentUrl\":\"https:\\\/\\\/www.4ksummit.com\\\/wp-content\\\/uploads\\\/2020\\\/05\\\/4ksummit.png\",\"width\":600,\"height\":246,\"caption\":\"4K-UHD SUMMIT\"},\"image\":{\"@id\":\"https:\\\/\\\/www.4ksummit.com\\\/#\\\/schema\\\/logo\\\/image\\\/\"}},{\"@type\":\"Person\",\"@id\":\"https:\\\/\\\/www.4ksummit.com\\\/#\\\/schema\\\/person\\\/183f3cf4328bbb849d8b4db5eeb5ac7e\",\"name\":\"G\"}]}<\/script>\n<!-- \/ Yoast SEO plugin. -->","yoast_head_json":{"title":"4K-HDR SUMMIT publica su agenda de los 5 d\u00edas y abre las inscripciones","description":"La cumbre internacional 4KHDR Summit ha abierto hoy su registro de inscripciones y ha publicado su agenda h\u00edbrida de cinco d\u00edas.","robots":{"index":"index","follow":"follow","max-snippet":"max-snippet:-1","max-image-preview":"max-image-preview:large","max-video-preview":"max-video-preview:-1"},"canonical":"https:\/\/www.4ksummit.com\/es\/4khdr-summit-publica-la-agenda-hibrida-de-los-5-dias-y-abre-las-inscripciones\/","og_locale":"es_ES","og_type":"article","og_title":"4K-HDR SUMMIT publica su agenda de los 5 d\u00edas y abre las inscripciones","og_description":"La cumbre internacional 4KHDR Summit ha abierto hoy su registro de inscripciones y ha publicado su agenda h\u00edbrida de cinco d\u00edas.","og_url":"https:\/\/www.4ksummit.com\/es\/4khdr-summit-publica-la-agenda-hibrida-de-los-5-dias-y-abre-las-inscripciones\/","og_site_name":"4K-HDR SUMMIT","article_published_time":"2021-11-02T13:48:24+00:00","article_modified_time":"2022-10-17T13:52:54+00:00","og_image":[{"width":1500,"height":608,"url":"https:\/\/www.4ksummit.com\/wp-content\/uploads\/2021\/11\/fondo_VIRTUAL_4K-Summit_abre-inscripciones.jpg","type":"image\/jpeg"}],"author":"G","twitter_card":"summary_large_image","twitter_misc":{"Escrito por":"G","Tiempo de lectura":"8 minutos"},"schema":{"@context":"https:\/\/schema.org","@graph":[{"@type":"Article","@id":"https:\/\/www.4ksummit.com\/es\/4khdr-summit-publica-la-agenda-hibrida-de-los-5-dias-y-abre-las-inscripciones\/#article","isPartOf":{"@id":"https:\/\/www.4ksummit.com\/es\/4khdr-summit-publica-la-agenda-hibrida-de-los-5-dias-y-abre-las-inscripciones\/"},"author":{"name":"G","@id":"https:\/\/www.4ksummit.com\/#\/schema\/person\/183f3cf4328bbb849d8b4db5eeb5ac7e"},"headline":"4KHDR SUMMIT PUBLICA LA AGENDA H\u00cdBRIDA DE LOS 5 D\u00cdAS Y ABRE LAS INSCRIPCIONES","datePublished":"2021-11-02T13:48:24+00:00","dateModified":"2022-10-17T13:52:54+00:00","mainEntityOfPage":{"@id":"https:\/\/www.4ksummit.com\/es\/4khdr-summit-publica-la-agenda-hibrida-de-los-5-dias-y-abre-las-inscripciones\/"},"wordCount":1770,"publisher":{"@id":"https:\/\/www.4ksummit.com\/#organization"},"image":{"@id":"https:\/\/www.4ksummit.com\/es\/4khdr-summit-publica-la-agenda-hibrida-de-los-5-dias-y-abre-las-inscripciones\/#primaryimage"},"thumbnailUrl":"https:\/\/www.4ksummit.com\/wp-content\/uploads\/2021\/11\/fondo_VIRTUAL_4K-Summit_abre-inscripciones.jpg","keywords":["4KHDR Summit"],"articleSection":["4k Spain"],"inLanguage":"es"},{"@type":"WebPage","@id":"https:\/\/www.4ksummit.com\/es\/4khdr-summit-publica-la-agenda-hibrida-de-los-5-dias-y-abre-las-inscripciones\/","url":"https:\/\/www.4ksummit.com\/es\/4khdr-summit-publica-la-agenda-hibrida-de-los-5-dias-y-abre-las-inscripciones\/","name":"4K-HDR SUMMIT publica su agenda de los 5 d\u00edas y abre las inscripciones","isPartOf":{"@id":"https:\/\/www.4ksummit.com\/#website"},"primaryImageOfPage":{"@id":"https:\/\/www.4ksummit.com\/es\/4khdr-summit-publica-la-agenda-hibrida-de-los-5-dias-y-abre-las-inscripciones\/#primaryimage"},"image":{"@id":"https:\/\/www.4ksummit.com\/es\/4khdr-summit-publica-la-agenda-hibrida-de-los-5-dias-y-abre-las-inscripciones\/#primaryimage"},"thumbnailUrl":"https:\/\/www.4ksummit.com\/wp-content\/uploads\/2021\/11\/fondo_VIRTUAL_4K-Summit_abre-inscripciones.jpg","datePublished":"2021-11-02T13:48:24+00:00","dateModified":"2022-10-17T13:52:54+00:00","description":"La cumbre internacional 4KHDR Summit ha abierto hoy su registro de inscripciones y ha publicado su agenda h\u00edbrida de cinco d\u00edas.","breadcrumb":{"@id":"https:\/\/www.4ksummit.com\/es\/4khdr-summit-publica-la-agenda-hibrida-de-los-5-dias-y-abre-las-inscripciones\/#breadcrumb"},"inLanguage":"es","potentialAction":[{"@type":"ReadAction","target":["https:\/\/www.4ksummit.com\/es\/4khdr-summit-publica-la-agenda-hibrida-de-los-5-dias-y-abre-las-inscripciones\/"]}]},{"@type":"ImageObject","inLanguage":"es","@id":"https:\/\/www.4ksummit.com\/es\/4khdr-summit-publica-la-agenda-hibrida-de-los-5-dias-y-abre-las-inscripciones\/#primaryimage","url":"https:\/\/www.4ksummit.com\/wp-content\/uploads\/2021\/11\/fondo_VIRTUAL_4K-Summit_abre-inscripciones.jpg","contentUrl":"https:\/\/www.4ksummit.com\/wp-content\/uploads\/2021\/11\/fondo_VIRTUAL_4K-Summit_abre-inscripciones.jpg","width":1500,"height":608,"caption":"4K-Summit_abre-inscripciones"},{"@type":"BreadcrumbList","@id":"https:\/\/www.4ksummit.com\/es\/4khdr-summit-publica-la-agenda-hibrida-de-los-5-dias-y-abre-las-inscripciones\/#breadcrumb","itemListElement":[{"@type":"ListItem","position":1,"name":"Portada","item":"https:\/\/www.4ksummit.com\/es\/"},{"@type":"ListItem","position":2,"name":"4KHDR SUMMIT PUBLICA LA AGENDA H\u00cdBRIDA DE LOS 5 D\u00cdAS Y ABRE LAS INSCRIPCIONES"}]},{"@type":"WebSite","@id":"https:\/\/www.4ksummit.com\/#website","url":"https:\/\/www.4ksummit.com\/","name":"4K-HDR SUMMIT","description":"2018","publisher":{"@id":"https:\/\/www.4ksummit.com\/#organization"},"potentialAction":[{"@type":"SearchAction","target":{"@type":"EntryPoint","urlTemplate":"https:\/\/www.4ksummit.com\/?s={search_term_string}"},"query-input":{"@type":"PropertyValueSpecification","valueRequired":true,"valueName":"search_term_string"}}],"inLanguage":"es"},{"@type":"Organization","@id":"https:\/\/www.4ksummit.com\/#organization","name":"4K-UHD SUMMIT","url":"https:\/\/www.4ksummit.com\/","logo":{"@type":"ImageObject","inLanguage":"es","@id":"https:\/\/www.4ksummit.com\/#\/schema\/logo\/image\/","url":"https:\/\/www.4ksummit.com\/wp-content\/uploads\/2020\/05\/4ksummit.png","contentUrl":"https:\/\/www.4ksummit.com\/wp-content\/uploads\/2020\/05\/4ksummit.png","width":600,"height":246,"caption":"4K-UHD SUMMIT"},"image":{"@id":"https:\/\/www.4ksummit.com\/#\/schema\/logo\/image\/"}},{"@type":"Person","@id":"https:\/\/www.4ksummit.com\/#\/schema\/person\/183f3cf4328bbb849d8b4db5eeb5ac7e","name":"G"}]}},"_links":{"self":[{"href":"https:\/\/www.4ksummit.com\/es\/wp-json\/wp\/v2\/posts\/17515","targetHints":{"allow":["GET"]}}],"collection":[{"href":"https:\/\/www.4ksummit.com\/es\/wp-json\/wp\/v2\/posts"}],"about":[{"href":"https:\/\/www.4ksummit.com\/es\/wp-json\/wp\/v2\/types\/post"}],"author":[{"embeddable":true,"href":"https:\/\/www.4ksummit.com\/es\/wp-json\/wp\/v2\/users\/4"}],"replies":[{"embeddable":true,"href":"https:\/\/www.4ksummit.com\/es\/wp-json\/wp\/v2\/comments?post=17515"}],"version-history":[{"count":0,"href":"https:\/\/www.4ksummit.com\/es\/wp-json\/wp\/v2\/posts\/17515\/revisions"}],"wp:featuredmedia":[{"embeddable":true,"href":"https:\/\/www.4ksummit.com\/es\/wp-json\/wp\/v2\/media\/17516"}],"wp:attachment":[{"href":"https:\/\/www.4ksummit.com\/es\/wp-json\/wp\/v2\/media?parent=17515"}],"wp:term":[{"taxonomy":"category","embeddable":true,"href":"https:\/\/www.4ksummit.com\/es\/wp-json\/wp\/v2\/categories?post=17515"},{"taxonomy":"post_tag","embeddable":true,"href":"https:\/\/www.4ksummit.com\/es\/wp-json\/wp\/v2\/tags?post=17515"}],"curies":[{"name":"wp","href":"https:\/\/api.w.org\/{rel}","templated":true}]}}