{"id":16780,"date":"2021-09-08T04:00:00","date_gmt":"2021-09-08T02:00:00","guid":{"rendered":"https:\/\/www.4ksummit.com\/?p=16780"},"modified":"2022-10-17T15:54:15","modified_gmt":"2022-10-17T13:54:15","slug":"la-4k-summit-vuelve-en-noviembre-a-malaga-en-formato-hibrido-y-ampliada-a-5-dias","status":"publish","type":"post","link":"https:\/\/www.4ksummit.com\/es\/la-4k-summit-vuelve-en-noviembre-a-malaga-en-formato-hibrido-y-ampliada-a-5-dias\/","title":{"rendered":"LA 4K SUMMIT VUELVE EN NOVIEMBRE A M\u00c1LAGA EN FORMATO H\u00cdBRIDO Y AMPLIADA A 5 D\u00cdAS"},"content":{"rendered":"<p><span style=\"font-weight: 400;\">La imparable evoluci\u00f3n tecnol\u00f3gica y de consumo del audiovisual en 2021 hacia el 4K y el 8K tendr\u00e1 de nuevo como su principal puesta en com\u00fan internacional a la <strong>4K Summit, que celebrar\u00e1 su s\u00e9ptima edici\u00f3n del 15 al 19 de Noviembre en formato h\u00edbrido,<\/strong> con una primera jornada presencial y de \u201cnetworking\u201d en el <a href=\"https:\/\/www.polodigital.eu\/\" target=\"_blank\" rel=\"noopener\">Polo Nacional de Contenidos Digitales de M\u00e1laga.<\/a><\/span><\/p>\n<p><span style=\"font-weight: 400;\">El lunes <strong>15 de Noviembre tendr\u00e1 lugar la inauguraci\u00f3n de la 4K Summit<\/strong> y servir\u00e1 de encuentro presencial para dar la bienvenida a los nuevos socios y colaboradores de la asociaci\u00f3n UHD SPAIN, que fue creada en enero pasado para impulsar el desarrollo en Espa\u00f1a de la Ultra Alta Definici\u00f3n (UHD).<\/span><\/p>\n<p><span style=\"font-weight: 400;\">La agenda oficial de la s\u00e9ptima edici\u00f3n de la 4K Summit se dar\u00e1 a conocer un mes antes del evento. Como adelanto, adem\u00e1s de las novedades UHD en Espa\u00f1a entre los temas a tratar, <strong>los Juegos Ol\u00edmpicos de Tokio 2020 tendr\u00e1n un lugar destacado en el programa de este a\u00f1o,<\/strong> por constituir la plataforma utilizada para realizar numerosas experiencias pioneras donde muchos fabricantes y empresas han participado en la producci\u00f3n de los contenidos.<\/span><\/p>\n<p><span style=\"font-weight: 400;\">Las diferentes soluciones tecnol\u00f3gicas que se han aplicado con \u00e9xito en los \u00faltimos 12 meses ser\u00e1n expuestas en la 4K Summit por multinacionales l\u00edderes en el audiovisual, como Rohde &amp; Schwarz, Hispasat, Eutelsat, Fraunhofer, Canon, Ateme, Vestel, Synamedia, etc.<\/span><\/p>\n<p>&nbsp;<\/p>\n<p><strong>EL 4K EN ESPA\u00d1A: UNA REALIDAD<\/strong><\/p>\n<p><span style=\"font-weight: 400;\">La penetraci\u00f3n del 4K en Espa\u00f1a va avanzando poco a poco. As\u00ed, <strong>Movistar+<\/strong> emiti\u00f3 los juegos de Tokio 2020 por medio del canal de <strong>Eurosports4K,<\/strong> y habitualmente transmite dos partidos semanales de La Liga (Real Madrid y Bar\u00e7a), adem\u00e1s de la F\u00f3rmula1 y de partidos de la Champions League entre semana.<\/span><\/p>\n<p><span style=\"font-weight: 400;\">Adem\u00e1s, gracias a la fibra \u00f3ptica (Espa\u00f1a tiene un despliegue de fibra \u00f3ptica hasta los hogares que supera al de Alemania, Reino Unido, Italia y Francia juntas) ya se puede disfrutar de contenidos en UHD que est\u00e1n accesibles por Internet.<\/span><\/p>\n<p><span style=\"font-weight: 400;\"><strong>Vodafone lanz\u00f3 en julio un decodificador 4K \u201ctodo en uno\u201d con Dolby Atmos para contenidos de cine y series<\/strong>, principalmente, de HBO, Amazon Prime Video, Filmin, AtresMedia, YouTube, National Geographic\u2026 <\/span><span style=\"font-weight: 400;\">Por su parte,<strong> Orange ha lanzado tambi\u00e9n su descodificador 4K de forma gratuita para sus clientes y ofrece diferentes canales 4K:<\/strong> Orange Series (algunos contenidos), Odisea, Canal Cocina, Fashion TV UHD, Festival 4K, All Flamenco 4K, La Liga UHD y Liga de Campeones UHD.<\/span><\/p>\n<p><span style=\"font-weight: 400;\">En gran <strong>impulso a la producci\u00f3n industrial en Ultra Alta Definici\u00f3n (UHD) lo dio hace unos a\u00f1os NETFLIX, al exigir que todas sus producciones originales se realizar\u00e1n con calidad 4K,<\/strong> decisi\u00f3n que fue seguida por el resto de las plataformas, por lo que \u00e9ste se convirti\u00f3 en el \u201cstandard\u201d de calidad de las series de ficci\u00f3n a nivel mundial.<\/span><\/p>\n<p>&nbsp;<\/p>\n<p><strong>LA CONSOLIDACI\u00d3N DE LA 4K HDR SUMMIT<\/strong><\/p>\n<p><span style=\"font-weight: 400;\">En la <a href=\"https:\/\/www.4ksummit.com\/\" target=\"_blank\" rel=\"noopener\">4K Summi<\/a>t tambi\u00e9n se ofrecen<strong> informes de la consultora OMDIA<\/strong> que recogen la evoluci\u00f3n, presente y futura, que el mercado est\u00e1 siguiendo y que ha tenido un gran impulso de consumo audiovisual desde 2020 por la pandemia del COVID19.<\/span><\/p>\n<p><span style=\"font-weight: 400;\">Todos estos temas han sido los que han llevado a <a href=\"https:\/\/www.medinamediaevents.com\/\" target=\"_blank\" rel=\"noopener\">Medina Media Events<\/a> a ampliar a cinco d\u00edas la agenda de la edici\u00f3n de este a\u00f1o, para dar oportunidad de que todos los proyectos en relaci\u00f3n a la UHD a nivel mundial tengan visibilidad y puedan ser compartidos acad\u00e9micamente por la comunidad tecnol\u00f3gica y de contenidos en alta calidad.<\/span><\/p>\n<p><span style=\"font-weight: 400;\">Desde 2015 la 4K Summit no ha falta a su <strong>cita con los \u201ctop engIneers\u201d y los \u201ctop content producers\u201d,<\/strong> que aceptaron la invitaci\u00f3n de Medina Media Events de reunirse una vez al a\u00f1o y compartir los avances y las experiencias de cada uno, con el fin de mejorar la experiencia de usuario que tendr\u00edan los telespectadores con los contenidos y los aparatos receptores en Ultras Alta Definici\u00f3n (UHD).<\/span><\/p>\n<p>&nbsp;<\/p>\n<p><strong>ASOCIACI\u00d3N UHD SPAIN\u00a0<\/strong><\/p>\n<p><span style=\"font-weight: 400;\">Tras la edici\u00f3n del a\u00f1o pasado, que se celebr\u00f3 de forma virtual durante tres d\u00edas, la agenda de este a\u00f1o se ampl\u00eda para celebrar la primera jornada de forma presencial en M\u00e1laga, y <strong>dedicar\u00e1 el \u00faltimo d\u00eda a dar a conocer todos los trabajos que est\u00e1 realizando la asociaci\u00f3n UHD SPAIN,<\/strong> que presentar\u00e1 en la 4K Summit su primer libro blanco sobre la UHD en Espa\u00f1a.<\/span><\/p>\n<p><span style=\"font-weight: 400;\"><a href=\"https:\/\/www.4ksummit.com\/es\/la-asociacion-uhd-spain-se-constituira-el-20-de-enero-en-madrid\/\" target=\"_blank\" rel=\"noopener\">UHD SPAIN la conforman 30 socios, l\u00edderes en tecnolog\u00eda y contenidos UHD:<\/a> ADM, AMETIC, ATEME, ATRESMEDIA, AXI\u00d3N, CANON, CELLNEX, DOLBY, EGATEL, FECOTEL, FENITEL, FRAUNHOFER, GSERTEL, HENNEO, HISPASAT, HUR\u00cd, LAVINIA, MEDIAPRO, MEDINA MEDIA, ROHDE &amp; SCHWARZ, RTVE, SAPEC, SECUOYA, TEDIAL, TELECOM CLM, TELEV\u00c9S, TREDESS, UNIVERSIDAD POLIT\u00c9CNICA DE MADRID, UTECA y VESTEL.<\/span><\/p>\n<p><span style=\"font-weight: 400;\">Varias <strong>cadenas de televisi\u00f3n, productoras, asociaciones y profesionales ya han comunicado internamente su intenci\u00f3n de sumarse a UHD SPAIN en calidad de socios o de colaboradores,<\/strong> y ser\u00e1 el Polo Nacional de Contenidos Digitales de M\u00e1laga donde tendr\u00e1 lugar el acto formal de su incorporaci\u00f3n.<\/span><\/p>\n<p><span style=\"font-weight: 400;\">UHD SPAIN ya <strong>emite desde junio un canal en pruebas con contenidos en 4K (SDR y HDR) por TDT que llega a 38 capitales de provincia,<\/strong> con la idea de que los consumidores que ya disponen de receptores en UHD puedan disfrutar gratuitamente de contenidos en 4K. Adem\u00e1s, el canal puede seguirse por Internet, por Sat\u00e9lite (Hispasat) y por el \u201cbot\u00f3n rojo\u201d (televisi\u00f3n h\u00edbrida).<\/span><\/p>\n","protected":false},"excerpt":{"rendered":"<p>La imparable evoluci\u00f3n tecnol\u00f3gica y de consumo del audiovisual en 2021 hacia el 4K y el 8K tendr\u00e1 de nuevo como su principal puesta en com\u00fan internacional a la 4K Summit, que celebrar\u00e1 su s\u00e9ptima edici\u00f3n del 15 al 19 de Noviembre en formato h\u00edbrido, con una primera jornada presencial y de \u201cnetworking\u201d en el [&hellip;]<\/p>\n","protected":false},"author":4,"featured_media":16784,"comment_status":"closed","ping_status":"closed","sticky":false,"template":"","format":"standard","meta":{"_acf_changed":false,"footnotes":""},"categories":[171],"tags":[119],"class_list":["post-16780","post","type-post","status-publish","format-standard","has-post-thumbnail","hentry","category-4k-spain","tag-4k-summit"],"acf":[],"yoast_head":"<!-- This site is optimized with the Yoast SEO plugin v27.5 - https:\/\/yoast.com\/product\/yoast-seo-wordpress\/ -->\n<title>LA 4K SUMMIT VUELVE EN NOVIEMBRE A M\u00c1LAGA EN FORMATO H\u00cdBRIDO Y AMPLIADA A 5 D\u00cdAS - 4K-HDR SUMMIT<\/title>\n<meta name=\"description\" content=\"La 4K Summit celebrar\u00e1 su s\u00e9ptima edici\u00f3n del 15 al 19 de Noviembre en formato h\u00edbrido, con una primera jornada presencial en el Polo Nacional de Contenidos Digitales de M\u00e1laga.\" \/>\n<meta name=\"robots\" content=\"index, follow, max-snippet:-1, max-image-preview:large, max-video-preview:-1\" \/>\n<link rel=\"canonical\" href=\"https:\/\/www.4ksummit.com\/es\/la-4k-summit-vuelve-en-noviembre-a-malaga-en-formato-hibrido-y-ampliada-a-5-dias\/\" \/>\n<meta property=\"og:locale\" content=\"es_ES\" \/>\n<meta property=\"og:type\" content=\"article\" \/>\n<meta property=\"og:title\" content=\"LA 4K SUMMIT VUELVE EN NOVIEMBRE A M\u00c1LAGA EN FORMATO H\u00cdBRIDO Y AMPLIADA A 5 D\u00cdAS - 4K-HDR SUMMIT\" \/>\n<meta property=\"og:description\" content=\"La 4K Summit celebrar\u00e1 su s\u00e9ptima edici\u00f3n del 15 al 19 de Noviembre en formato h\u00edbrido, con una primera jornada presencial en el Polo Nacional de Contenidos Digitales de M\u00e1laga.\" \/>\n<meta property=\"og:url\" content=\"https:\/\/www.4ksummit.com\/es\/la-4k-summit-vuelve-en-noviembre-a-malaga-en-formato-hibrido-y-ampliada-a-5-dias\/\" \/>\n<meta property=\"og:site_name\" content=\"4K-HDR SUMMIT\" \/>\n<meta property=\"article:published_time\" content=\"2021-09-08T02:00:00+00:00\" \/>\n<meta property=\"article:modified_time\" content=\"2022-10-17T13:54:15+00:00\" \/>\n<meta property=\"og:image\" content=\"https:\/\/www.4ksummit.com\/wp-content\/uploads\/2021\/09\/4KS21_ESP_OK.jpg\" \/>\n\t<meta property=\"og:image:width\" content=\"1500\" \/>\n\t<meta property=\"og:image:height\" content=\"608\" \/>\n\t<meta property=\"og:image:type\" content=\"image\/jpeg\" \/>\n<meta name=\"author\" content=\"G\" \/>\n<meta name=\"twitter:card\" content=\"summary_large_image\" \/>\n<meta name=\"twitter:label1\" content=\"Escrito por\" \/>\n\t<meta name=\"twitter:data1\" content=\"G\" \/>\n\t<meta name=\"twitter:label2\" content=\"Tiempo de lectura\" \/>\n\t<meta name=\"twitter:data2\" content=\"4 minutos\" \/>\n<script type=\"application\/ld+json\" class=\"yoast-schema-graph\">{\"@context\":\"https:\\\/\\\/schema.org\",\"@graph\":[{\"@type\":\"Article\",\"@id\":\"https:\\\/\\\/www.4ksummit.com\\\/es\\\/la-4k-summit-vuelve-en-noviembre-a-malaga-en-formato-hibrido-y-ampliada-a-5-dias\\\/#article\",\"isPartOf\":{\"@id\":\"https:\\\/\\\/www.4ksummit.com\\\/es\\\/la-4k-summit-vuelve-en-noviembre-a-malaga-en-formato-hibrido-y-ampliada-a-5-dias\\\/\"},\"author\":{\"name\":\"G\",\"@id\":\"https:\\\/\\\/www.4ksummit.com\\\/#\\\/schema\\\/person\\\/183f3cf4328bbb849d8b4db5eeb5ac7e\"},\"headline\":\"LA 4K SUMMIT VUELVE EN NOVIEMBRE A M\u00c1LAGA EN FORMATO H\u00cdBRIDO Y AMPLIADA A 5 D\u00cdAS\",\"datePublished\":\"2021-09-08T02:00:00+00:00\",\"dateModified\":\"2022-10-17T13:54:15+00:00\",\"mainEntityOfPage\":{\"@id\":\"https:\\\/\\\/www.4ksummit.com\\\/es\\\/la-4k-summit-vuelve-en-noviembre-a-malaga-en-formato-hibrido-y-ampliada-a-5-dias\\\/\"},\"wordCount\":945,\"publisher\":{\"@id\":\"https:\\\/\\\/www.4ksummit.com\\\/#organization\"},\"image\":{\"@id\":\"https:\\\/\\\/www.4ksummit.com\\\/es\\\/la-4k-summit-vuelve-en-noviembre-a-malaga-en-formato-hibrido-y-ampliada-a-5-dias\\\/#primaryimage\"},\"thumbnailUrl\":\"https:\\\/\\\/www.4ksummit.com\\\/wp-content\\\/uploads\\\/2021\\\/09\\\/4KS21_ESP_OK.jpg\",\"keywords\":[\"4K Summit\"],\"articleSection\":[\"4k Spain\"],\"inLanguage\":\"es\"},{\"@type\":\"WebPage\",\"@id\":\"https:\\\/\\\/www.4ksummit.com\\\/es\\\/la-4k-summit-vuelve-en-noviembre-a-malaga-en-formato-hibrido-y-ampliada-a-5-dias\\\/\",\"url\":\"https:\\\/\\\/www.4ksummit.com\\\/es\\\/la-4k-summit-vuelve-en-noviembre-a-malaga-en-formato-hibrido-y-ampliada-a-5-dias\\\/\",\"name\":\"LA 4K SUMMIT VUELVE EN NOVIEMBRE A M\u00c1LAGA EN FORMATO H\u00cdBRIDO Y AMPLIADA A 5 D\u00cdAS - 4K-HDR SUMMIT\",\"isPartOf\":{\"@id\":\"https:\\\/\\\/www.4ksummit.com\\\/#website\"},\"primaryImageOfPage\":{\"@id\":\"https:\\\/\\\/www.4ksummit.com\\\/es\\\/la-4k-summit-vuelve-en-noviembre-a-malaga-en-formato-hibrido-y-ampliada-a-5-dias\\\/#primaryimage\"},\"image\":{\"@id\":\"https:\\\/\\\/www.4ksummit.com\\\/es\\\/la-4k-summit-vuelve-en-noviembre-a-malaga-en-formato-hibrido-y-ampliada-a-5-dias\\\/#primaryimage\"},\"thumbnailUrl\":\"https:\\\/\\\/www.4ksummit.com\\\/wp-content\\\/uploads\\\/2021\\\/09\\\/4KS21_ESP_OK.jpg\",\"datePublished\":\"2021-09-08T02:00:00+00:00\",\"dateModified\":\"2022-10-17T13:54:15+00:00\",\"description\":\"La 4K Summit celebrar\u00e1 su s\u00e9ptima edici\u00f3n del 15 al 19 de Noviembre en formato h\u00edbrido, con una primera jornada presencial en el Polo Nacional de Contenidos Digitales de M\u00e1laga.\",\"breadcrumb\":{\"@id\":\"https:\\\/\\\/www.4ksummit.com\\\/es\\\/la-4k-summit-vuelve-en-noviembre-a-malaga-en-formato-hibrido-y-ampliada-a-5-dias\\\/#breadcrumb\"},\"inLanguage\":\"es\",\"potentialAction\":[{\"@type\":\"ReadAction\",\"target\":[\"https:\\\/\\\/www.4ksummit.com\\\/es\\\/la-4k-summit-vuelve-en-noviembre-a-malaga-en-formato-hibrido-y-ampliada-a-5-dias\\\/\"]}]},{\"@type\":\"ImageObject\",\"inLanguage\":\"es\",\"@id\":\"https:\\\/\\\/www.4ksummit.com\\\/es\\\/la-4k-summit-vuelve-en-noviembre-a-malaga-en-formato-hibrido-y-ampliada-a-5-dias\\\/#primaryimage\",\"url\":\"https:\\\/\\\/www.4ksummit.com\\\/wp-content\\\/uploads\\\/2021\\\/09\\\/4KS21_ESP_OK.jpg\",\"contentUrl\":\"https:\\\/\\\/www.4ksummit.com\\\/wp-content\\\/uploads\\\/2021\\\/09\\\/4KS21_ESP_OK.jpg\",\"width\":1500,\"height\":608,\"caption\":\"4K Summit\"},{\"@type\":\"BreadcrumbList\",\"@id\":\"https:\\\/\\\/www.4ksummit.com\\\/es\\\/la-4k-summit-vuelve-en-noviembre-a-malaga-en-formato-hibrido-y-ampliada-a-5-dias\\\/#breadcrumb\",\"itemListElement\":[{\"@type\":\"ListItem\",\"position\":1,\"name\":\"Portada\",\"item\":\"https:\\\/\\\/www.4ksummit.com\\\/es\\\/\"},{\"@type\":\"ListItem\",\"position\":2,\"name\":\"LA 4K SUMMIT VUELVE EN NOVIEMBRE A M\u00c1LAGA EN FORMATO H\u00cdBRIDO Y AMPLIADA A 5 D\u00cdAS\"}]},{\"@type\":\"WebSite\",\"@id\":\"https:\\\/\\\/www.4ksummit.com\\\/#website\",\"url\":\"https:\\\/\\\/www.4ksummit.com\\\/\",\"name\":\"4K-HDR SUMMIT\",\"description\":\"2018\",\"publisher\":{\"@id\":\"https:\\\/\\\/www.4ksummit.com\\\/#organization\"},\"potentialAction\":[{\"@type\":\"SearchAction\",\"target\":{\"@type\":\"EntryPoint\",\"urlTemplate\":\"https:\\\/\\\/www.4ksummit.com\\\/?s={search_term_string}\"},\"query-input\":{\"@type\":\"PropertyValueSpecification\",\"valueRequired\":true,\"valueName\":\"search_term_string\"}}],\"inLanguage\":\"es\"},{\"@type\":\"Organization\",\"@id\":\"https:\\\/\\\/www.4ksummit.com\\\/#organization\",\"name\":\"4K-UHD SUMMIT\",\"url\":\"https:\\\/\\\/www.4ksummit.com\\\/\",\"logo\":{\"@type\":\"ImageObject\",\"inLanguage\":\"es\",\"@id\":\"https:\\\/\\\/www.4ksummit.com\\\/#\\\/schema\\\/logo\\\/image\\\/\",\"url\":\"https:\\\/\\\/www.4ksummit.com\\\/wp-content\\\/uploads\\\/2020\\\/05\\\/4ksummit.png\",\"contentUrl\":\"https:\\\/\\\/www.4ksummit.com\\\/wp-content\\\/uploads\\\/2020\\\/05\\\/4ksummit.png\",\"width\":600,\"height\":246,\"caption\":\"4K-UHD SUMMIT\"},\"image\":{\"@id\":\"https:\\\/\\\/www.4ksummit.com\\\/#\\\/schema\\\/logo\\\/image\\\/\"}},{\"@type\":\"Person\",\"@id\":\"https:\\\/\\\/www.4ksummit.com\\\/#\\\/schema\\\/person\\\/183f3cf4328bbb849d8b4db5eeb5ac7e\",\"name\":\"G\"}]}<\/script>\n<!-- \/ Yoast SEO plugin. -->","yoast_head_json":{"title":"LA 4K SUMMIT VUELVE EN NOVIEMBRE A M\u00c1LAGA EN FORMATO H\u00cdBRIDO Y AMPLIADA A 5 D\u00cdAS - 4K-HDR SUMMIT","description":"La 4K Summit celebrar\u00e1 su s\u00e9ptima edici\u00f3n del 15 al 19 de Noviembre en formato h\u00edbrido, con una primera jornada presencial en el Polo Nacional de Contenidos Digitales de M\u00e1laga.","robots":{"index":"index","follow":"follow","max-snippet":"max-snippet:-1","max-image-preview":"max-image-preview:large","max-video-preview":"max-video-preview:-1"},"canonical":"https:\/\/www.4ksummit.com\/es\/la-4k-summit-vuelve-en-noviembre-a-malaga-en-formato-hibrido-y-ampliada-a-5-dias\/","og_locale":"es_ES","og_type":"article","og_title":"LA 4K SUMMIT VUELVE EN NOVIEMBRE A M\u00c1LAGA EN FORMATO H\u00cdBRIDO Y AMPLIADA A 5 D\u00cdAS - 4K-HDR SUMMIT","og_description":"La 4K Summit celebrar\u00e1 su s\u00e9ptima edici\u00f3n del 15 al 19 de Noviembre en formato h\u00edbrido, con una primera jornada presencial en el Polo Nacional de Contenidos Digitales de M\u00e1laga.","og_url":"https:\/\/www.4ksummit.com\/es\/la-4k-summit-vuelve-en-noviembre-a-malaga-en-formato-hibrido-y-ampliada-a-5-dias\/","og_site_name":"4K-HDR SUMMIT","article_published_time":"2021-09-08T02:00:00+00:00","article_modified_time":"2022-10-17T13:54:15+00:00","og_image":[{"width":1500,"height":608,"url":"https:\/\/www.4ksummit.com\/wp-content\/uploads\/2021\/09\/4KS21_ESP_OK.jpg","type":"image\/jpeg"}],"author":"G","twitter_card":"summary_large_image","twitter_misc":{"Escrito por":"G","Tiempo de lectura":"4 minutos"},"schema":{"@context":"https:\/\/schema.org","@graph":[{"@type":"Article","@id":"https:\/\/www.4ksummit.com\/es\/la-4k-summit-vuelve-en-noviembre-a-malaga-en-formato-hibrido-y-ampliada-a-5-dias\/#article","isPartOf":{"@id":"https:\/\/www.4ksummit.com\/es\/la-4k-summit-vuelve-en-noviembre-a-malaga-en-formato-hibrido-y-ampliada-a-5-dias\/"},"author":{"name":"G","@id":"https:\/\/www.4ksummit.com\/#\/schema\/person\/183f3cf4328bbb849d8b4db5eeb5ac7e"},"headline":"LA 4K SUMMIT VUELVE EN NOVIEMBRE A M\u00c1LAGA EN FORMATO H\u00cdBRIDO Y AMPLIADA A 5 D\u00cdAS","datePublished":"2021-09-08T02:00:00+00:00","dateModified":"2022-10-17T13:54:15+00:00","mainEntityOfPage":{"@id":"https:\/\/www.4ksummit.com\/es\/la-4k-summit-vuelve-en-noviembre-a-malaga-en-formato-hibrido-y-ampliada-a-5-dias\/"},"wordCount":945,"publisher":{"@id":"https:\/\/www.4ksummit.com\/#organization"},"image":{"@id":"https:\/\/www.4ksummit.com\/es\/la-4k-summit-vuelve-en-noviembre-a-malaga-en-formato-hibrido-y-ampliada-a-5-dias\/#primaryimage"},"thumbnailUrl":"https:\/\/www.4ksummit.com\/wp-content\/uploads\/2021\/09\/4KS21_ESP_OK.jpg","keywords":["4K Summit"],"articleSection":["4k Spain"],"inLanguage":"es"},{"@type":"WebPage","@id":"https:\/\/www.4ksummit.com\/es\/la-4k-summit-vuelve-en-noviembre-a-malaga-en-formato-hibrido-y-ampliada-a-5-dias\/","url":"https:\/\/www.4ksummit.com\/es\/la-4k-summit-vuelve-en-noviembre-a-malaga-en-formato-hibrido-y-ampliada-a-5-dias\/","name":"LA 4K SUMMIT VUELVE EN NOVIEMBRE A M\u00c1LAGA EN FORMATO H\u00cdBRIDO Y AMPLIADA A 5 D\u00cdAS - 4K-HDR SUMMIT","isPartOf":{"@id":"https:\/\/www.4ksummit.com\/#website"},"primaryImageOfPage":{"@id":"https:\/\/www.4ksummit.com\/es\/la-4k-summit-vuelve-en-noviembre-a-malaga-en-formato-hibrido-y-ampliada-a-5-dias\/#primaryimage"},"image":{"@id":"https:\/\/www.4ksummit.com\/es\/la-4k-summit-vuelve-en-noviembre-a-malaga-en-formato-hibrido-y-ampliada-a-5-dias\/#primaryimage"},"thumbnailUrl":"https:\/\/www.4ksummit.com\/wp-content\/uploads\/2021\/09\/4KS21_ESP_OK.jpg","datePublished":"2021-09-08T02:00:00+00:00","dateModified":"2022-10-17T13:54:15+00:00","description":"La 4K Summit celebrar\u00e1 su s\u00e9ptima edici\u00f3n del 15 al 19 de Noviembre en formato h\u00edbrido, con una primera jornada presencial en el Polo Nacional de Contenidos Digitales de M\u00e1laga.","breadcrumb":{"@id":"https:\/\/www.4ksummit.com\/es\/la-4k-summit-vuelve-en-noviembre-a-malaga-en-formato-hibrido-y-ampliada-a-5-dias\/#breadcrumb"},"inLanguage":"es","potentialAction":[{"@type":"ReadAction","target":["https:\/\/www.4ksummit.com\/es\/la-4k-summit-vuelve-en-noviembre-a-malaga-en-formato-hibrido-y-ampliada-a-5-dias\/"]}]},{"@type":"ImageObject","inLanguage":"es","@id":"https:\/\/www.4ksummit.com\/es\/la-4k-summit-vuelve-en-noviembre-a-malaga-en-formato-hibrido-y-ampliada-a-5-dias\/#primaryimage","url":"https:\/\/www.4ksummit.com\/wp-content\/uploads\/2021\/09\/4KS21_ESP_OK.jpg","contentUrl":"https:\/\/www.4ksummit.com\/wp-content\/uploads\/2021\/09\/4KS21_ESP_OK.jpg","width":1500,"height":608,"caption":"4K Summit"},{"@type":"BreadcrumbList","@id":"https:\/\/www.4ksummit.com\/es\/la-4k-summit-vuelve-en-noviembre-a-malaga-en-formato-hibrido-y-ampliada-a-5-dias\/#breadcrumb","itemListElement":[{"@type":"ListItem","position":1,"name":"Portada","item":"https:\/\/www.4ksummit.com\/es\/"},{"@type":"ListItem","position":2,"name":"LA 4K SUMMIT VUELVE EN NOVIEMBRE A M\u00c1LAGA EN FORMATO H\u00cdBRIDO Y AMPLIADA A 5 D\u00cdAS"}]},{"@type":"WebSite","@id":"https:\/\/www.4ksummit.com\/#website","url":"https:\/\/www.4ksummit.com\/","name":"4K-HDR SUMMIT","description":"2018","publisher":{"@id":"https:\/\/www.4ksummit.com\/#organization"},"potentialAction":[{"@type":"SearchAction","target":{"@type":"EntryPoint","urlTemplate":"https:\/\/www.4ksummit.com\/?s={search_term_string}"},"query-input":{"@type":"PropertyValueSpecification","valueRequired":true,"valueName":"search_term_string"}}],"inLanguage":"es"},{"@type":"Organization","@id":"https:\/\/www.4ksummit.com\/#organization","name":"4K-UHD SUMMIT","url":"https:\/\/www.4ksummit.com\/","logo":{"@type":"ImageObject","inLanguage":"es","@id":"https:\/\/www.4ksummit.com\/#\/schema\/logo\/image\/","url":"https:\/\/www.4ksummit.com\/wp-content\/uploads\/2020\/05\/4ksummit.png","contentUrl":"https:\/\/www.4ksummit.com\/wp-content\/uploads\/2020\/05\/4ksummit.png","width":600,"height":246,"caption":"4K-UHD SUMMIT"},"image":{"@id":"https:\/\/www.4ksummit.com\/#\/schema\/logo\/image\/"}},{"@type":"Person","@id":"https:\/\/www.4ksummit.com\/#\/schema\/person\/183f3cf4328bbb849d8b4db5eeb5ac7e","name":"G"}]}},"_links":{"self":[{"href":"https:\/\/www.4ksummit.com\/es\/wp-json\/wp\/v2\/posts\/16780","targetHints":{"allow":["GET"]}}],"collection":[{"href":"https:\/\/www.4ksummit.com\/es\/wp-json\/wp\/v2\/posts"}],"about":[{"href":"https:\/\/www.4ksummit.com\/es\/wp-json\/wp\/v2\/types\/post"}],"author":[{"embeddable":true,"href":"https:\/\/www.4ksummit.com\/es\/wp-json\/wp\/v2\/users\/4"}],"replies":[{"embeddable":true,"href":"https:\/\/www.4ksummit.com\/es\/wp-json\/wp\/v2\/comments?post=16780"}],"version-history":[{"count":0,"href":"https:\/\/www.4ksummit.com\/es\/wp-json\/wp\/v2\/posts\/16780\/revisions"}],"wp:featuredmedia":[{"embeddable":true,"href":"https:\/\/www.4ksummit.com\/es\/wp-json\/wp\/v2\/media\/16784"}],"wp:attachment":[{"href":"https:\/\/www.4ksummit.com\/es\/wp-json\/wp\/v2\/media?parent=16780"}],"wp:term":[{"taxonomy":"category","embeddable":true,"href":"https:\/\/www.4ksummit.com\/es\/wp-json\/wp\/v2\/categories?post=16780"},{"taxonomy":"post_tag","embeddable":true,"href":"https:\/\/www.4ksummit.com\/es\/wp-json\/wp\/v2\/tags?post=16780"}],"curies":[{"name":"wp","href":"https:\/\/api.w.org\/{rel}","templated":true}]}}