{"id":13118,"date":"2020-10-22T10:57:56","date_gmt":"2020-10-22T08:57:56","guid":{"rendered":"https:\/\/www.4ksummit.com\/?p=13118"},"modified":"2020-10-22T10:58:34","modified_gmt":"2020-10-22T08:58:34","slug":"los-tres-presidentes-a-nivel-mundial-del-4k-y-8k-en-la-4k-hdr-summit","status":"publish","type":"post","link":"https:\/\/www.4ksummit.com\/es\/los-tres-presidentes-a-nivel-mundial-del-4k-y-8k-en-la-4k-hdr-summit\/","title":{"rendered":"LOS TRES PRESIDENTES A NIVEL MUNDIAL DEL 4K Y 8K, EN LA 4K HDR SUMMIT"},"content":{"rendered":"<p>Los presidentes de la Alianza mundial de la Ultra Alta Definici\u00f3n (UHD Alliance), del Foro mundial de la Ultra Alta Definici\u00f3n (Ultra HD Forum) y de la Asociaci\u00f3n 8K (8K Association) han confirmado hoy su participaci\u00f3n en la 4K HDR Summit los pr\u00f3ximos <strong>17, 18 y 19 de noviembre<\/strong>.<\/p>\n<p>&nbsp;<\/p>\n<p><strong>Michael Zink<\/strong>, presidente de la UHD Alliance y vicepresidente de Tecnolog\u00eda Emergente de Warner Bros; <strong>Thierry Fautier<\/strong>, presidente del Ultra HD Forum y vicepresidente de Estrategia de Video de Harmonic; y <strong>Chris Chinnock<\/strong>, presidente de la 8K Association y presidente de Insight Media, compartir\u00e1n sus novedades con los asistentes de la 4K HDR Summit.<\/p>\n<p>&nbsp;<\/p>\n<p>Adem\u00e1s de sus esperadas presentaciones, los tres presidentes <strong>compartir\u00e1n, por primera vez, y de forma exclusiva en la 4K HDR Summit, un panel<\/strong> en el que intercambiar\u00e1n sus impresiones sobre el estado del ecosistema 8K.<\/p>\n<p>&nbsp;<\/p>\n<p>La sexta edici\u00f3n de la 4K HDR Summit har\u00e1 un an\u00e1lisis del <strong>estado del arte de la Ultra Alta Definici\u00f3n a nivel internacional, y tambi\u00e9n del 8K<\/strong> de la mano de los mejores expertos a nivel mundial.<\/p>\n<p>&nbsp;<\/p>\n<p>Los inscritos a la 4K HDR Summit Virtual 2020 podr\u00e1n seguir las sesiones por streaming, adem\u00e1s de consultar demos online, asistir a\u00a0<strong>webinars exclusivos y hacer<\/strong><strong> networking a trav\u00e9s de v\u00eddeo reuniones<\/strong>\u00a0con ponentes y participantes.<\/p>\n<p>&nbsp;<\/p>\n<p>SUSCR\u00cdBETE A NUESTRA NEWSLETTER Y OBT\u00c9N UN 20% DE DESCUENTO EN TU REGISTRO.<\/p>\n","protected":false},"excerpt":{"rendered":"<p>Los presidentes de la Alianza mundial de la Ultra Alta Definici\u00f3n (UHD Alliance), del Foro mundial de la Ultra Alta Definici\u00f3n (Ultra HD Forum) y de la Asociaci\u00f3n 8K (8K Association) han confirmado hoy su participaci\u00f3n en la 4K HDR Summit los pr\u00f3ximos 17, 18 y 19 de noviembre. &nbsp; Michael Zink, presidente de la [&hellip;]<\/p>\n","protected":false},"author":4,"featured_media":13123,"comment_status":"open","ping_status":"closed","sticky":false,"template":"","format":"standard","meta":{"_acf_changed":false,"footnotes":""},"categories":[26],"tags":[],"class_list":["post-13118","post","type-post","status-publish","format-standard","has-post-thumbnail","hentry","category-noticias-4k"],"acf":[],"yoast_head":"<!-- This site is optimized with the Yoast SEO plugin v27.5 - https:\/\/yoast.com\/product\/yoast-seo-wordpress\/ -->\n<title>LOS TRES PRESIDENTES A NIVEL MUNDIAL DEL 4K Y 8K, EN LA 4K HDR SUMMIT - 4K-HDR SUMMIT<\/title>\n<meta name=\"robots\" content=\"index, follow, max-snippet:-1, max-image-preview:large, max-video-preview:-1\" \/>\n<link rel=\"canonical\" href=\"https:\/\/www.4ksummit.com\/es\/los-tres-presidentes-a-nivel-mundial-del-4k-y-8k-en-la-4k-hdr-summit\/\" \/>\n<meta property=\"og:locale\" content=\"es_ES\" \/>\n<meta property=\"og:type\" content=\"article\" \/>\n<meta property=\"og:title\" content=\"LOS TRES PRESIDENTES A NIVEL MUNDIAL DEL 4K Y 8K, EN LA 4K HDR SUMMIT - 4K-HDR SUMMIT\" \/>\n<meta property=\"og:description\" content=\"Los presidentes de la Alianza mundial de la Ultra Alta Definici\u00f3n (UHD Alliance), del Foro mundial de la Ultra Alta Definici\u00f3n (Ultra HD Forum) y de la Asociaci\u00f3n 8K (8K Association) han confirmado hoy su participaci\u00f3n en la 4K HDR Summit los pr\u00f3ximos 17, 18 y 19 de noviembre. &nbsp; Michael Zink, presidente de la [&hellip;]\" \/>\n<meta property=\"og:url\" content=\"https:\/\/www.4ksummit.com\/es\/los-tres-presidentes-a-nivel-mundial-del-4k-y-8k-en-la-4k-hdr-summit\/\" \/>\n<meta property=\"og:site_name\" content=\"4K-HDR SUMMIT\" \/>\n<meta property=\"article:published_time\" content=\"2020-10-22T08:57:56+00:00\" \/>\n<meta property=\"article:modified_time\" content=\"2020-10-22T08:58:34+00:00\" \/>\n<meta property=\"og:image\" content=\"https:\/\/www.4ksummit.com\/wp-content\/uploads\/2020\/10\/FOTO-NEWS-PRESIDENTES-4K-Y-8K.jpg\" \/>\n\t<meta property=\"og:image:width\" content=\"960\" \/>\n\t<meta property=\"og:image:height\" content=\"540\" \/>\n\t<meta property=\"og:image:type\" content=\"image\/jpeg\" \/>\n<meta name=\"author\" content=\"G\" \/>\n<meta name=\"twitter:card\" content=\"summary_large_image\" \/>\n<meta name=\"twitter:label1\" content=\"Escrito por\" \/>\n\t<meta name=\"twitter:data1\" content=\"G\" \/>\n\t<meta name=\"twitter:label2\" content=\"Tiempo de lectura\" \/>\n\t<meta name=\"twitter:data2\" content=\"1 minuto\" \/>\n<script type=\"application\/ld+json\" class=\"yoast-schema-graph\">{\"@context\":\"https:\\\/\\\/schema.org\",\"@graph\":[{\"@type\":\"Article\",\"@id\":\"https:\\\/\\\/www.4ksummit.com\\\/es\\\/los-tres-presidentes-a-nivel-mundial-del-4k-y-8k-en-la-4k-hdr-summit\\\/#article\",\"isPartOf\":{\"@id\":\"https:\\\/\\\/www.4ksummit.com\\\/es\\\/los-tres-presidentes-a-nivel-mundial-del-4k-y-8k-en-la-4k-hdr-summit\\\/\"},\"author\":{\"name\":\"G\",\"@id\":\"https:\\\/\\\/www.4ksummit.com\\\/#\\\/schema\\\/person\\\/183f3cf4328bbb849d8b4db5eeb5ac7e\"},\"headline\":\"LOS TRES PRESIDENTES A NIVEL MUNDIAL DEL 4K Y 8K, EN LA 4K HDR SUMMIT\",\"datePublished\":\"2020-10-22T08:57:56+00:00\",\"dateModified\":\"2020-10-22T08:58:34+00:00\",\"mainEntityOfPage\":{\"@id\":\"https:\\\/\\\/www.4ksummit.com\\\/es\\\/los-tres-presidentes-a-nivel-mundial-del-4k-y-8k-en-la-4k-hdr-summit\\\/\"},\"wordCount\":259,\"commentCount\":0,\"publisher\":{\"@id\":\"https:\\\/\\\/www.4ksummit.com\\\/#organization\"},\"image\":{\"@id\":\"https:\\\/\\\/www.4ksummit.com\\\/es\\\/los-tres-presidentes-a-nivel-mundial-del-4k-y-8k-en-la-4k-hdr-summit\\\/#primaryimage\"},\"thumbnailUrl\":\"https:\\\/\\\/www.4ksummit.com\\\/wp-content\\\/uploads\\\/2020\\\/10\\\/FOTO-NEWS-PRESIDENTES-4K-Y-8K.jpg\",\"articleSection\":[\"Noticias 4k\"],\"inLanguage\":\"es\"},{\"@type\":\"WebPage\",\"@id\":\"https:\\\/\\\/www.4ksummit.com\\\/es\\\/los-tres-presidentes-a-nivel-mundial-del-4k-y-8k-en-la-4k-hdr-summit\\\/\",\"url\":\"https:\\\/\\\/www.4ksummit.com\\\/es\\\/los-tres-presidentes-a-nivel-mundial-del-4k-y-8k-en-la-4k-hdr-summit\\\/\",\"name\":\"LOS TRES PRESIDENTES A NIVEL MUNDIAL DEL 4K Y 8K, EN LA 4K HDR SUMMIT - 4K-HDR SUMMIT\",\"isPartOf\":{\"@id\":\"https:\\\/\\\/www.4ksummit.com\\\/#website\"},\"primaryImageOfPage\":{\"@id\":\"https:\\\/\\\/www.4ksummit.com\\\/es\\\/los-tres-presidentes-a-nivel-mundial-del-4k-y-8k-en-la-4k-hdr-summit\\\/#primaryimage\"},\"image\":{\"@id\":\"https:\\\/\\\/www.4ksummit.com\\\/es\\\/los-tres-presidentes-a-nivel-mundial-del-4k-y-8k-en-la-4k-hdr-summit\\\/#primaryimage\"},\"thumbnailUrl\":\"https:\\\/\\\/www.4ksummit.com\\\/wp-content\\\/uploads\\\/2020\\\/10\\\/FOTO-NEWS-PRESIDENTES-4K-Y-8K.jpg\",\"datePublished\":\"2020-10-22T08:57:56+00:00\",\"dateModified\":\"2020-10-22T08:58:34+00:00\",\"breadcrumb\":{\"@id\":\"https:\\\/\\\/www.4ksummit.com\\\/es\\\/los-tres-presidentes-a-nivel-mundial-del-4k-y-8k-en-la-4k-hdr-summit\\\/#breadcrumb\"},\"inLanguage\":\"es\",\"potentialAction\":[{\"@type\":\"ReadAction\",\"target\":[\"https:\\\/\\\/www.4ksummit.com\\\/es\\\/los-tres-presidentes-a-nivel-mundial-del-4k-y-8k-en-la-4k-hdr-summit\\\/\"]}]},{\"@type\":\"ImageObject\",\"inLanguage\":\"es\",\"@id\":\"https:\\\/\\\/www.4ksummit.com\\\/es\\\/los-tres-presidentes-a-nivel-mundial-del-4k-y-8k-en-la-4k-hdr-summit\\\/#primaryimage\",\"url\":\"https:\\\/\\\/www.4ksummit.com\\\/wp-content\\\/uploads\\\/2020\\\/10\\\/FOTO-NEWS-PRESIDENTES-4K-Y-8K.jpg\",\"contentUrl\":\"https:\\\/\\\/www.4ksummit.com\\\/wp-content\\\/uploads\\\/2020\\\/10\\\/FOTO-NEWS-PRESIDENTES-4K-Y-8K.jpg\",\"width\":960,\"height\":540},{\"@type\":\"BreadcrumbList\",\"@id\":\"https:\\\/\\\/www.4ksummit.com\\\/es\\\/los-tres-presidentes-a-nivel-mundial-del-4k-y-8k-en-la-4k-hdr-summit\\\/#breadcrumb\",\"itemListElement\":[{\"@type\":\"ListItem\",\"position\":1,\"name\":\"Portada\",\"item\":\"https:\\\/\\\/www.4ksummit.com\\\/es\\\/\"},{\"@type\":\"ListItem\",\"position\":2,\"name\":\"LOS TRES PRESIDENTES A NIVEL MUNDIAL DEL 4K Y 8K, EN LA 4K HDR SUMMIT\"}]},{\"@type\":\"WebSite\",\"@id\":\"https:\\\/\\\/www.4ksummit.com\\\/#website\",\"url\":\"https:\\\/\\\/www.4ksummit.com\\\/\",\"name\":\"4K-HDR SUMMIT\",\"description\":\"2018\",\"publisher\":{\"@id\":\"https:\\\/\\\/www.4ksummit.com\\\/#organization\"},\"potentialAction\":[{\"@type\":\"SearchAction\",\"target\":{\"@type\":\"EntryPoint\",\"urlTemplate\":\"https:\\\/\\\/www.4ksummit.com\\\/?s={search_term_string}\"},\"query-input\":{\"@type\":\"PropertyValueSpecification\",\"valueRequired\":true,\"valueName\":\"search_term_string\"}}],\"inLanguage\":\"es\"},{\"@type\":\"Organization\",\"@id\":\"https:\\\/\\\/www.4ksummit.com\\\/#organization\",\"name\":\"4K-UHD SUMMIT\",\"url\":\"https:\\\/\\\/www.4ksummit.com\\\/\",\"logo\":{\"@type\":\"ImageObject\",\"inLanguage\":\"es\",\"@id\":\"https:\\\/\\\/www.4ksummit.com\\\/#\\\/schema\\\/logo\\\/image\\\/\",\"url\":\"https:\\\/\\\/www.4ksummit.com\\\/wp-content\\\/uploads\\\/2020\\\/05\\\/4ksummit.png\",\"contentUrl\":\"https:\\\/\\\/www.4ksummit.com\\\/wp-content\\\/uploads\\\/2020\\\/05\\\/4ksummit.png\",\"width\":600,\"height\":246,\"caption\":\"4K-UHD SUMMIT\"},\"image\":{\"@id\":\"https:\\\/\\\/www.4ksummit.com\\\/#\\\/schema\\\/logo\\\/image\\\/\"}},{\"@type\":\"Person\",\"@id\":\"https:\\\/\\\/www.4ksummit.com\\\/#\\\/schema\\\/person\\\/183f3cf4328bbb849d8b4db5eeb5ac7e\",\"name\":\"G\"}]}<\/script>\n<!-- \/ Yoast SEO plugin. -->","yoast_head_json":{"title":"LOS TRES PRESIDENTES A NIVEL MUNDIAL DEL 4K Y 8K, EN LA 4K HDR SUMMIT - 4K-HDR SUMMIT","robots":{"index":"index","follow":"follow","max-snippet":"max-snippet:-1","max-image-preview":"max-image-preview:large","max-video-preview":"max-video-preview:-1"},"canonical":"https:\/\/www.4ksummit.com\/es\/los-tres-presidentes-a-nivel-mundial-del-4k-y-8k-en-la-4k-hdr-summit\/","og_locale":"es_ES","og_type":"article","og_title":"LOS TRES PRESIDENTES A NIVEL MUNDIAL DEL 4K Y 8K, EN LA 4K HDR SUMMIT - 4K-HDR SUMMIT","og_description":"Los presidentes de la Alianza mundial de la Ultra Alta Definici\u00f3n (UHD Alliance), del Foro mundial de la Ultra Alta Definici\u00f3n (Ultra HD Forum) y de la Asociaci\u00f3n 8K (8K Association) han confirmado hoy su participaci\u00f3n en la 4K HDR Summit los pr\u00f3ximos 17, 18 y 19 de noviembre. &nbsp; Michael Zink, presidente de la [&hellip;]","og_url":"https:\/\/www.4ksummit.com\/es\/los-tres-presidentes-a-nivel-mundial-del-4k-y-8k-en-la-4k-hdr-summit\/","og_site_name":"4K-HDR SUMMIT","article_published_time":"2020-10-22T08:57:56+00:00","article_modified_time":"2020-10-22T08:58:34+00:00","og_image":[{"width":960,"height":540,"url":"https:\/\/www.4ksummit.com\/wp-content\/uploads\/2020\/10\/FOTO-NEWS-PRESIDENTES-4K-Y-8K.jpg","type":"image\/jpeg"}],"author":"G","twitter_card":"summary_large_image","twitter_misc":{"Escrito por":"G","Tiempo de lectura":"1 minuto"},"schema":{"@context":"https:\/\/schema.org","@graph":[{"@type":"Article","@id":"https:\/\/www.4ksummit.com\/es\/los-tres-presidentes-a-nivel-mundial-del-4k-y-8k-en-la-4k-hdr-summit\/#article","isPartOf":{"@id":"https:\/\/www.4ksummit.com\/es\/los-tres-presidentes-a-nivel-mundial-del-4k-y-8k-en-la-4k-hdr-summit\/"},"author":{"name":"G","@id":"https:\/\/www.4ksummit.com\/#\/schema\/person\/183f3cf4328bbb849d8b4db5eeb5ac7e"},"headline":"LOS TRES PRESIDENTES A NIVEL MUNDIAL DEL 4K Y 8K, EN LA 4K HDR SUMMIT","datePublished":"2020-10-22T08:57:56+00:00","dateModified":"2020-10-22T08:58:34+00:00","mainEntityOfPage":{"@id":"https:\/\/www.4ksummit.com\/es\/los-tres-presidentes-a-nivel-mundial-del-4k-y-8k-en-la-4k-hdr-summit\/"},"wordCount":259,"commentCount":0,"publisher":{"@id":"https:\/\/www.4ksummit.com\/#organization"},"image":{"@id":"https:\/\/www.4ksummit.com\/es\/los-tres-presidentes-a-nivel-mundial-del-4k-y-8k-en-la-4k-hdr-summit\/#primaryimage"},"thumbnailUrl":"https:\/\/www.4ksummit.com\/wp-content\/uploads\/2020\/10\/FOTO-NEWS-PRESIDENTES-4K-Y-8K.jpg","articleSection":["Noticias 4k"],"inLanguage":"es"},{"@type":"WebPage","@id":"https:\/\/www.4ksummit.com\/es\/los-tres-presidentes-a-nivel-mundial-del-4k-y-8k-en-la-4k-hdr-summit\/","url":"https:\/\/www.4ksummit.com\/es\/los-tres-presidentes-a-nivel-mundial-del-4k-y-8k-en-la-4k-hdr-summit\/","name":"LOS TRES PRESIDENTES A NIVEL MUNDIAL DEL 4K Y 8K, EN LA 4K HDR SUMMIT - 4K-HDR SUMMIT","isPartOf":{"@id":"https:\/\/www.4ksummit.com\/#website"},"primaryImageOfPage":{"@id":"https:\/\/www.4ksummit.com\/es\/los-tres-presidentes-a-nivel-mundial-del-4k-y-8k-en-la-4k-hdr-summit\/#primaryimage"},"image":{"@id":"https:\/\/www.4ksummit.com\/es\/los-tres-presidentes-a-nivel-mundial-del-4k-y-8k-en-la-4k-hdr-summit\/#primaryimage"},"thumbnailUrl":"https:\/\/www.4ksummit.com\/wp-content\/uploads\/2020\/10\/FOTO-NEWS-PRESIDENTES-4K-Y-8K.jpg","datePublished":"2020-10-22T08:57:56+00:00","dateModified":"2020-10-22T08:58:34+00:00","breadcrumb":{"@id":"https:\/\/www.4ksummit.com\/es\/los-tres-presidentes-a-nivel-mundial-del-4k-y-8k-en-la-4k-hdr-summit\/#breadcrumb"},"inLanguage":"es","potentialAction":[{"@type":"ReadAction","target":["https:\/\/www.4ksummit.com\/es\/los-tres-presidentes-a-nivel-mundial-del-4k-y-8k-en-la-4k-hdr-summit\/"]}]},{"@type":"ImageObject","inLanguage":"es","@id":"https:\/\/www.4ksummit.com\/es\/los-tres-presidentes-a-nivel-mundial-del-4k-y-8k-en-la-4k-hdr-summit\/#primaryimage","url":"https:\/\/www.4ksummit.com\/wp-content\/uploads\/2020\/10\/FOTO-NEWS-PRESIDENTES-4K-Y-8K.jpg","contentUrl":"https:\/\/www.4ksummit.com\/wp-content\/uploads\/2020\/10\/FOTO-NEWS-PRESIDENTES-4K-Y-8K.jpg","width":960,"height":540},{"@type":"BreadcrumbList","@id":"https:\/\/www.4ksummit.com\/es\/los-tres-presidentes-a-nivel-mundial-del-4k-y-8k-en-la-4k-hdr-summit\/#breadcrumb","itemListElement":[{"@type":"ListItem","position":1,"name":"Portada","item":"https:\/\/www.4ksummit.com\/es\/"},{"@type":"ListItem","position":2,"name":"LOS TRES PRESIDENTES A NIVEL MUNDIAL DEL 4K Y 8K, EN LA 4K HDR SUMMIT"}]},{"@type":"WebSite","@id":"https:\/\/www.4ksummit.com\/#website","url":"https:\/\/www.4ksummit.com\/","name":"4K-HDR SUMMIT","description":"2018","publisher":{"@id":"https:\/\/www.4ksummit.com\/#organization"},"potentialAction":[{"@type":"SearchAction","target":{"@type":"EntryPoint","urlTemplate":"https:\/\/www.4ksummit.com\/?s={search_term_string}"},"query-input":{"@type":"PropertyValueSpecification","valueRequired":true,"valueName":"search_term_string"}}],"inLanguage":"es"},{"@type":"Organization","@id":"https:\/\/www.4ksummit.com\/#organization","name":"4K-UHD SUMMIT","url":"https:\/\/www.4ksummit.com\/","logo":{"@type":"ImageObject","inLanguage":"es","@id":"https:\/\/www.4ksummit.com\/#\/schema\/logo\/image\/","url":"https:\/\/www.4ksummit.com\/wp-content\/uploads\/2020\/05\/4ksummit.png","contentUrl":"https:\/\/www.4ksummit.com\/wp-content\/uploads\/2020\/05\/4ksummit.png","width":600,"height":246,"caption":"4K-UHD SUMMIT"},"image":{"@id":"https:\/\/www.4ksummit.com\/#\/schema\/logo\/image\/"}},{"@type":"Person","@id":"https:\/\/www.4ksummit.com\/#\/schema\/person\/183f3cf4328bbb849d8b4db5eeb5ac7e","name":"G"}]}},"_links":{"self":[{"href":"https:\/\/www.4ksummit.com\/es\/wp-json\/wp\/v2\/posts\/13118","targetHints":{"allow":["GET"]}}],"collection":[{"href":"https:\/\/www.4ksummit.com\/es\/wp-json\/wp\/v2\/posts"}],"about":[{"href":"https:\/\/www.4ksummit.com\/es\/wp-json\/wp\/v2\/types\/post"}],"author":[{"embeddable":true,"href":"https:\/\/www.4ksummit.com\/es\/wp-json\/wp\/v2\/users\/4"}],"replies":[{"embeddable":true,"href":"https:\/\/www.4ksummit.com\/es\/wp-json\/wp\/v2\/comments?post=13118"}],"version-history":[{"count":0,"href":"https:\/\/www.4ksummit.com\/es\/wp-json\/wp\/v2\/posts\/13118\/revisions"}],"wp:featuredmedia":[{"embeddable":true,"href":"https:\/\/www.4ksummit.com\/es\/wp-json\/wp\/v2\/media\/13123"}],"wp:attachment":[{"href":"https:\/\/www.4ksummit.com\/es\/wp-json\/wp\/v2\/media?parent=13118"}],"wp:term":[{"taxonomy":"category","embeddable":true,"href":"https:\/\/www.4ksummit.com\/es\/wp-json\/wp\/v2\/categories?post=13118"},{"taxonomy":"post_tag","embeddable":true,"href":"https:\/\/www.4ksummit.com\/es\/wp-json\/wp\/v2\/tags?post=13118"}],"curies":[{"name":"wp","href":"https:\/\/api.w.org\/{rel}","templated":true}]}}